{"id":105369,"date":"2022-04-22T17:29:53","date_gmt":"2022-04-22T15:29:53","guid":{"rendered":"http:\/\/www.messinaoggi.it\/website\/?p=105369"},"modified":"2022-04-22T17:29:56","modified_gmt":"2022-04-22T15:29:56","slug":"uil-intitolare-il-viadotto-ritiro-a-salvatore-ada","status":"publish","type":"post","link":"https:\/\/www.messinaoggi.it\/website\/2022\/04\/22\/uil-intitolare-il-viadotto-ritiro-a-salvatore-ada\/","title":{"rendered":"Uil: &#8220;Intitolare il viadotto Ritiro a Salvatore Ada&#8221;"},"content":{"rendered":"\n<p>\u201cLa carreggiata lato monte del Viadotto Ritiro sar\u00e0 presumibilmente consegnata entro la fine del prossimo mese di maggio. E\u2019 doveroso ricordare che lo scorso ottobre, durante la realizzazione di quest\u2019opera, \u00e8 tragicamente caduto sul lavoro lo sfortunato operaio Salvatore Ada, delegato della Feneal Uil e lavoratore unanimemente apprezzato per la sua sensibilit\u00e0 ed umanit\u00e0. Qualche giorno fa, grazie alla caparbiet\u00e0 del Prefetto di Messina dott.ssa Cosima Di Stani e alla forte spinta delle organizzazioni sindacali confederali, \u00e8 stato siglato il Protocollo d\u2019intesa sulla sicurezza del lavoro nel settore edile che, su nostra diretta sollecitazione, \u00e8 stato dedicato alla memoria di Salvatore Ada. E\u2019 un gesto simbolico, ma ricco di valori, per ribadire che l\u2019estremo ed inaccettabile sacrificio di Salvatore Ada non deve cadere nel dimenticatoio, nonch\u00e8 per mantenere alta l\u2019attenzione sul tema delle morti sul lavoro al fine di raggiungere il tanto auspicato obiettivo finale: Zero Morti sul Lavoro. In questa direzione intendiamo proseguire nell\u2019esercizio della memoria come elemento dirimente e fondamentale e, pertanto, proponiamo ufficialmente che il Cas (Consorzio per le autostrade siciliane) deliberi la denominazione del Viadotto Ritiro a Salvatore Ada. Si tratta di un atto doveroso che, siamo certi, trover\u00e0 la scontata adesione da parte del Presidente e del Cda del Consorzio per le autostrade siciliane, ai quali consegniamo pubblicamente questa motivata e giusta richiesta. Auspichiamo che, a stretto giro, i vertici del Cas vogliano assumere e fare propria la nostra proposta\u201d lo hanno dichiarato Ivan Tripodi, segretario generale Uil Messina, e Pasquale De vardo, segretario generale Feneal Uil Tirrenica Messina Palermo.<div id=\"div-gpt-ad-Messinaoggi.it-DSK-300x250-corpoart\" style=\"text-align:center;margin:0 auto;\"><\/div><\/p>\n<div id=\"videoincontent\" style=\"clear:both\";><\/div>","protected":false},"excerpt":{"rendered":"<p>\u201cLa carreggiata lato monte del Viadotto Ritiro sar\u00e0 presumibilmente consegnata entro la fine del prossimo mese di maggio. E\u2019 doveroso ricordare che lo scorso ottobre, durante la realizzazione di quest\u2019opera, \u00e8 tragicamente caduto sul lavoro lo sfortunato operaio Salvatore Ada, delegato della Feneal Uil e lavoratore unanimemente apprezzato per la sua sensibilit\u00e0 ed umanit\u00e0. Qualche [&hellip;]<\/p>\n","protected":false},"author":2,"featured_media":86173,"comment_status":"open","ping_status":"open","sticky":false,"template":"","format":"standard","meta":{"ub_ctt_via":"","_mi_skip_tracking":false},"categories":[6],"tags":[954,4382,141,3757],"featured_image_src":"https:\/\/www.messinaoggi.it\/website\/wp-content\/uploads\/2021\/11\/IMG-20211105-WA0034.jpg","author_info":{"display_name":"Redazione","author_link":"https:\/\/www.messinaoggi.it\/website\/author\/redazione\/"},"digistream_id":0,"digistream":false,"_links":{"self":[{"href":"https:\/\/www.messinaoggi.it\/website\/wp-json\/wp\/v2\/posts\/105369"}],"collection":[{"href":"https:\/\/www.messinaoggi.it\/website\/wp-json\/wp\/v2\/posts"}],"about":[{"href":"https:\/\/www.messinaoggi.it\/website\/wp-json\/wp\/v2\/types\/post"}],"author":[{"embeddable":true,"href":"https:\/\/www.messinaoggi.it\/website\/wp-json\/wp\/v2\/users\/2"}],"replies":[{"embeddable":true,"href":"https:\/\/www.messinaoggi.it\/website\/wp-json\/wp\/v2\/comments?post=105369"}],"version-history":[{"count":1,"href":"https:\/\/www.messinaoggi.it\/website\/wp-json\/wp\/v2\/posts\/105369\/revisions"}],"predecessor-version":[{"id":105370,"href":"https:\/\/www.messinaoggi.it\/website\/wp-json\/wp\/v2\/posts\/105369\/revisions\/105370"}],"wp:featuredmedia":[{"embeddable":true,"href":"https:\/\/www.messinaoggi.it\/website\/wp-json\/wp\/v2\/media\/86173"}],"wp:attachment":[{"href":"https:\/\/www.messinaoggi.it\/website\/wp-json\/wp\/v2\/media?parent=105369"}],"wp:term":[{"taxonomy":"category","embeddable":true,"href":"https:\/\/www.messinaoggi.it\/website\/wp-json\/wp\/v2\/categories?post=105369"},{"taxonomy":"post_tag","embeddable":true,"href":"https:\/\/www.messinaoggi.it\/website\/wp-json\/wp\/v2\/tags?post=105369"}],"curies":[{"name":"wp","href":"https:\/\/api.w.org\/{rel}","templated":true}]}}