{"id":10520,"date":"2017-10-27T15:51:58","date_gmt":"2017-10-27T13:51:58","guid":{"rendered":"http:\/\/www.messinaoggi.it\/website\/?p=10520"},"modified":"2017-10-27T15:51:58","modified_gmt":"2017-10-27T13:51:58","slug":"qualita-prestazioni-sanitarie-accorinti-invita-candidati-a-presidente-regione-siciliana-il-30","status":"publish","type":"post","link":"https:\/\/www.messinaoggi.it\/website\/2017\/10\/27\/qualita-prestazioni-sanitarie-accorinti-invita-candidati-a-presidente-regione-siciliana-il-30\/","title":{"rendered":"Qualit\u00e0 prestazioni sanitarie, Accorinti invita Candidati a Presidente Regione Siciliana il 30"},"content":{"rendered":"<p style=\"text-align: justify\">Lo status qualitativo delle prestazioni sanitarie di ricovero, cura ed emergenze nella Provincia di Messina sar\u00e0 al centro di un confronto sulla dichiarazione di intenti. Il Sindaco di Messina, Renato Accorinti, ha inviato una lettera ai candidati alla Presidenza della Regione Siciliana invitandoli all\u2019incontro che si terr\u00e0 luned\u00ec 30, alle ore 11, nel Salone delle Bandiere di Palazzo Zanca. Ad intervenire con un contributo video, secondo le adesioni pervenute oggi, saranno i competitor Giancarlo Cancelleri, Claudio Fava, Fabrizio Micari e Nello Musumeci.<div id=\"div-gpt-ad-Messinaoggi.it-DSK-300x250-corpoart\" style=\"text-align:center;margin:0 auto;\"><\/div><\/p>\n<p style=\"text-align: justify\">\u201cSignori candidati alla Presidenza della Regione Sicilia, \u2013 scrive Accorinti \u2013 \u00e8 mia intenzione, nella qualit\u00e0 di Sindaco della Citt\u00e0 di Messina, mettere a conoscenza le SS.LL. di quanto emerso nella Conferenza dei Sindaci allargata, da me convocata lo scorso luned\u00ec 16 ottobre, ed alla quale hanno partecipato attivamente i Direttori Generali delle Aziende Sanitarie, le Organizzazioni Sindacali, l\u2019Ordine dei Medici, Cittadinanzattiva, lo SNAMI, componenti della Deputazione Messinese ed operatori dirigenti sanitari della Provincia. Il tema dell\u2019incontro ed i numerosi e qualificati interventi erano incentrati sull\u2019applicazione del Decreto Balduzzi, sulla rimodulazione della rete ospedaliera e sulla gestione delle emergenze sul territorio. Come certamente da Loro appreso, grazie anche alle proteste, ai numerosi interventi ed alle sinergie messe in atto avverso alle numerose criticit\u00e0 riscontrate in recenti provvedimenti assunti dall\u2019Assessore per la Sanit\u00e0 e dalla Presidenza, si \u00e8 concretizzata l\u2019auspicata interruzione ed il rinvio dell\u2019assurdo ed inaccettabile ridimensionamento delle attivit\u00e0 quali\/quantitative del 118 e dei PTE nella nostra Provincia. Non solo questi gli effetti negativi presenti nei recenti decreti proposti in ambito sanitario. Certamente, alla vigilia delle elezioni che rimoduleranno i vertici gestionali e politici della nostra Regione, gli interlocutori devono ricercarsi in coloro i quali hanno avanzato la candidatura per assumere oneri ed onori di direzione della politica regionale. Pertanto, su specifico mandato dei Sindaci dei Comuni della Provincia di Messina, principali garanti della efficacia, efficienza e qualit\u00e0 delle prestazioni sanitarie offerte alle loro comunit\u00e0, nonch\u00e9 degli stakeolders che, a vario titolo usufruiscono dell\u2019offerta sanitaria, in qualit\u00e0 di Sindaco della Citt\u00e0 di Messina, invito le SS.LL., luned\u00ec 30 ottobre, nel Salone delle Bandiere del Comune di Messina, alle ore 11, a voler esprimere, sui punti sotto indicati, quali azioni intendano percorrere, a breve e medio termine, per garantire, nella provincia di Messina procedure, investimenti e risorse coerenti con le lecite aspettative ed il dovuto rispetto dei diritti da rivolgere ad una Provincia spesso, oggettivamente, discriminata e troppe volte vittima di scelte inadeguate. Gli argomenti:<br \/>\nA) in merito al mantenimento ed al potenziamento della rete territoriale delle ambulanze\/postazioni e delle attivit\u00e0 del 118, considerate le caratteristiche orografiche del territorio garantendo, sempre, la presenza medica a bordo.<br \/>\nSi richiede, pertanto, la revoca del D.A. del 31\/03\/17;<br \/>\nB) l\u2019applicazione di percorsi e procedure salvavita a tutela delle criticit\u00e0 e delle esigenze sanitarie della gestione delle emergenze adeguate alle aree interne come le Comunit\u00e0 Nebroidee ed altamente disagiate come l\u2019area le Isole Eolie;<br \/>\nC) rilettura della rimodulazione dei posti letto sul territorio che, in una applicazione parziale del Decreto Balduzzi operata con il Decreto del 2 aprile 2015, n.70, pubblicato in GURS, non ha tenuto conto dell\u2019offerta delle strutture sanitarie \u201cprivate accreditate\u201d, escludendo le stesse da tagli di Unit\u00e0 Operative, ridimensionamenti di primariati, e quindi dalla ottimizzazione dell\u2019offerta di ricovero e cura;<br \/>\nD) utilizzo, quale strumento ed indicatore di valutazione, dei dati quali\/quantitativi forniti da Agenas, e comprendenti tutte le strutture, Pubbliche e Private accreditate, nella individuazione delle Unit\u00e0 Operative appartenenti alle varie discipline ed aree di degenza, cura e diagnostica;E) adeguamento dei PTE coerentemente con la mappatura delle esigenze dei territori;<br \/>\nF) potenziamento delle risorse e degli strumenti a supporto delle Stroke units, atteso l\u2019eccellenza qualitativa delle prestazioni erogate e l\u2019efficacia dei trattamenti rivolti ad una utenza che afferisce anche da fuori Provincia e dalla vicina Calabria;<br \/>\nG) istituzione della Conferenza Permanente per la programmazione sanitaria e socio-sanitaria regionale e del Consiglio delle autonomie locali (ad oggi\u00a0disattesi) previsto dall\u2019art. 123, quarto comma, della Costituzione.<br \/>\nGli argomenti suindicati attendono ormai da tempo risposte chiare, competenti ed efficaci. Sar\u00e0 pertanto particolarmente gradito il Loro formale intervento e, certamente, apprezzato dall\u2019intera comunit\u00e0 dell\u2019area della Provincia di Messina che registrer\u00e0 le dichiarazioni di intenti in attesa dei concreti interventi che l\u2019eletto Presidente ed il futuro neo incaricato Assessore per la Sanit\u00e0 vorranno rendere, a breve, operativi\u201d.<div id=\"videoincontent\" style=\"clear:both\";><\/div><\/p>\n<p> <\/p>\n","protected":false},"excerpt":{"rendered":"<p>Lo status qualitativo delle prestazioni sanitarie di ricovero, cura ed emergenze nella Provincia di Messina sar\u00e0 al centro di un confronto sulla dichiarazione di intenti. Il Sindaco di Messina, Renato Accorinti, ha inviato una lettera ai candidati alla Presidenza della Regione Siciliana invitandoli all\u2019incontro che si terr\u00e0 luned\u00ec 30, alle ore 11, nel Salone delle [&hellip;]<\/p>\n","protected":false},"author":7,"featured_media":10521,"comment_status":"closed","ping_status":"open","sticky":false,"template":"","format":"standard","meta":{"ub_ctt_via":"","_mi_skip_tracking":false},"categories":[6],"tags":[],"featured_image_src":"https:\/\/www.messinaoggi.it\/website\/wp-content\/uploads\/2017\/10\/candidati-presIdenza-regione-siciliana-2017-messinaoggiMR.jpg","author_info":{"display_name":"Redazione1","author_link":"https:\/\/www.messinaoggi.it\/website\/author\/redazione1\/"},"digistream_id":0,"digistream":false,"_links":{"self":[{"href":"https:\/\/www.messinaoggi.it\/website\/wp-json\/wp\/v2\/posts\/10520"}],"collection":[{"href":"https:\/\/www.messinaoggi.it\/website\/wp-json\/wp\/v2\/posts"}],"about":[{"href":"https:\/\/www.messinaoggi.it\/website\/wp-json\/wp\/v2\/types\/post"}],"author":[{"embeddable":true,"href":"https:\/\/www.messinaoggi.it\/website\/wp-json\/wp\/v2\/users\/7"}],"replies":[{"embeddable":true,"href":"https:\/\/www.messinaoggi.it\/website\/wp-json\/wp\/v2\/comments?post=10520"}],"version-history":[{"count":0,"href":"https:\/\/www.messinaoggi.it\/website\/wp-json\/wp\/v2\/posts\/10520\/revisions"}],"wp:featuredmedia":[{"embeddable":true,"href":"https:\/\/www.messinaoggi.it\/website\/wp-json\/wp\/v2\/media\/10521"}],"wp:attachment":[{"href":"https:\/\/www.messinaoggi.it\/website\/wp-json\/wp\/v2\/media?parent=10520"}],"wp:term":[{"taxonomy":"category","embeddable":true,"href":"https:\/\/www.messinaoggi.it\/website\/wp-json\/wp\/v2\/categories?post=10520"},{"taxonomy":"post_tag","embeddable":true,"href":"https:\/\/www.messinaoggi.it\/website\/wp-json\/wp\/v2\/tags?post=10520"}],"curies":[{"name":"wp","href":"https:\/\/api.w.org\/{rel}","templated":true}]}}