{"id":10517,"date":"2017-10-27T15:34:34","date_gmt":"2017-10-27T13:34:34","guid":{"rendered":"http:\/\/www.messinaoggi.it\/website\/?p=10517"},"modified":"2017-10-27T15:34:34","modified_gmt":"2017-10-27T13:34:34","slug":"tour-m5s-tappe-intense-nei-prossimi-3-giorni-da-mistretta-a-briga-marina-e-ganzirri-fino-a-lipari","status":"publish","type":"post","link":"https:\/\/www.messinaoggi.it\/website\/2017\/10\/27\/tour-m5s-tappe-intense-nei-prossimi-3-giorni-da-mistretta-a-briga-marina-e-ganzirri-fino-a-lipari\/","title":{"rendered":"Tour M5S, tappe intense nei prossimi 3 giorni: da Mistretta a Briga Marina e Ganzirri fino a Lipari"},"content":{"rendered":"<p style=\"text-align: justify\">Mentre il popolo dei Cinquestelle si prepara ad accogliere ed \u00e8 in fibrillazione per l\u2019arrivo dei candidato Premier Luigi Di Maio e il candidato alla guida della Regione Siciliana \u00a0Giancarlo Cancelleria questa sera a Messina, presso Piazza Cairoli, i deputati Alessio Villarosa e Francesco D\u2019Uva scandiranno il Tour di #SceglieteilFuturo nella provincia di Messina, presentando e facendo conoscere i candidati M5S alle prossime consultazioni per il rinnovo dell\u2019Assemblea siciliana, attraverso i Comuni messinesi,.<div id=\"div-gpt-ad-Messinaoggi.it-DSK-300x250-corpoart\" style=\"text-align:center;margin:0 auto;\"><\/div><\/p>\n<p style=\"text-align: justify\">Sabato 28 ottobre alle ore 17, saranno a Mistretta ed alle ore 20 a Barcellona Pozzo di Gotto, saranno presenti anche il Senatore Andrea Cioffi ed il deputato Vittorio Ferraresi.<div id=\"videoincontent\" style=\"clear:both\";><\/div><\/p>\n<p style=\"text-align: justify\">Domenica 29 ottobre saranno alle 11.30 a Francavilla e, il pomeriggio alle 18, toccheranno i quartieri periferici di Messina, Briga Marina e Ganzirri.<\/p>\n<p style=\"text-align: justify\">Luned\u00ec 30 ottobre, se le condizioni meteo lo permetteranno, il Tour approder\u00e0 nella splendida Lipari con un incontro pubblico previsto per le ore 18.<\/p>\n<p style=\"text-align: justify\">Durante le tappe, i parlamentari presenteranno i candidati regionali ed affronteranno i problemi del territorio elencando brevemente tutto ci\u00f2 che \u00e8 gi\u00e0 stato fatto ed anche cosa si intende fare per migliorare la nostra amatissima Sicilia.<\/p>\n","protected":false},"excerpt":{"rendered":"<p>Mentre il popolo dei Cinquestelle si prepara ad accogliere ed \u00e8 in fibrillazione per l\u2019arrivo dei candidato Premier Luigi Di Maio e il candidato alla guida della Regione Siciliana \u00a0Giancarlo Cancelleria questa sera a Messina, presso Piazza Cairoli, i deputati Alessio Villarosa e Francesco D\u2019Uva scandiranno il Tour di #SceglieteilFuturo nella provincia di Messina, presentando [&hellip;]<\/p>\n","protected":false},"author":7,"featured_media":10518,"comment_status":"closed","ping_status":"open","sticky":false,"template":"","format":"standard","meta":{"ub_ctt_via":"","_mi_skip_tracking":false},"categories":[4],"tags":[],"featured_image_src":"https:\/\/www.messinaoggi.it\/website\/wp-content\/uploads\/2017\/10\/francesco-duva-e-alessio-villarosa-messinaoggiMR.jpg","author_info":{"display_name":"Redazione1","author_link":"https:\/\/www.messinaoggi.it\/website\/author\/redazione1\/"},"digistream_id":0,"digistream":false,"_links":{"self":[{"href":"https:\/\/www.messinaoggi.it\/website\/wp-json\/wp\/v2\/posts\/10517"}],"collection":[{"href":"https:\/\/www.messinaoggi.it\/website\/wp-json\/wp\/v2\/posts"}],"about":[{"href":"https:\/\/www.messinaoggi.it\/website\/wp-json\/wp\/v2\/types\/post"}],"author":[{"embeddable":true,"href":"https:\/\/www.messinaoggi.it\/website\/wp-json\/wp\/v2\/users\/7"}],"replies":[{"embeddable":true,"href":"https:\/\/www.messinaoggi.it\/website\/wp-json\/wp\/v2\/comments?post=10517"}],"version-history":[{"count":0,"href":"https:\/\/www.messinaoggi.it\/website\/wp-json\/wp\/v2\/posts\/10517\/revisions"}],"wp:featuredmedia":[{"embeddable":true,"href":"https:\/\/www.messinaoggi.it\/website\/wp-json\/wp\/v2\/media\/10518"}],"wp:attachment":[{"href":"https:\/\/www.messinaoggi.it\/website\/wp-json\/wp\/v2\/media?parent=10517"}],"wp:term":[{"taxonomy":"category","embeddable":true,"href":"https:\/\/www.messinaoggi.it\/website\/wp-json\/wp\/v2\/categories?post=10517"},{"taxonomy":"post_tag","embeddable":true,"href":"https:\/\/www.messinaoggi.it\/website\/wp-json\/wp\/v2\/tags?post=10517"}],"curies":[{"name":"wp","href":"https:\/\/api.w.org\/{rel}","templated":true}]}}