{"id":105136,"date":"2022-04-21T08:46:31","date_gmt":"2022-04-21T06:46:31","guid":{"rendered":"http:\/\/www.messinaoggi.it\/website\/?p=105136"},"modified":"2022-04-21T08:46:32","modified_gmt":"2022-04-21T06:46:32","slug":"meteo-in-arrivo-piogge-e-vento-a-rischio-il-25-aprile","status":"publish","type":"post","link":"https:\/\/www.messinaoggi.it\/website\/2022\/04\/21\/meteo-in-arrivo-piogge-e-vento-a-rischio-il-25-aprile\/","title":{"rendered":"Meteo, in arrivo piogge e vento: a rischio il 25 aprile"},"content":{"rendered":"\n<p>Cicloni, vento e piogge sull&#8217;Italia.\u00a0Una bassa pressione si approfondir\u00e0 sul Tirreno fino ad un minimo di 995 hPa sulle Bocche di Bonifacio, un valore decisamente basso che causer\u00e0 venti forti in prevalenza da Sud-Est, quindi di Scirocco.\u00a0I venti saranno associati anche a piogge intense sulla Sardegna e sul Nord-Ovest, con un ritorno all&#8217;Autunno per il Centro-Nord.<div id=\"div-gpt-ad-Messinaoggi.it-DSK-300x250-corpoart\" style=\"text-align:center;margin:0 auto;\"><\/div><\/p>\n\n\n\n<p>\u00a0I venti di Scirocco sul meridione porteranno, al contrario, un aumento delle temperature con valori fino ad 8\u00b0C superiori alla media del periodo ma anche raffiche di burrasca su gran parte del Centro-Sud, in particolare sui settori costieri ed in\u00a0<strong>Sicilia<\/strong>.\u00a0<div id=\"videoincontent\" style=\"clear:both\";><\/div><\/p>\n\n\n\n<p>Oltre al ventosit\u00e0 anche le piogge e saranno festeggiate al Centro-Nord come un miraggio che si concretizza: dopo mesi di siccit\u00e0 piover\u00e0 in modo diffuso sul Nord-Ovest e sulle regioni tirreniche, ma l&#8217;attenzione sar\u00e0 forti piogge ancora sulla Sardegna.\u00a0Domani arriva la pioggia diffusa anche al Nord-Est e si estender\u00e0 su gran parte del nostro Belpaese, dalle Alpi ai Peloritani, in particolare fino al pomeriggio poi potrebbe una breve tregua.\u00a0<\/p>\n\n\n\n<p>Un secondo fronte perturbato \u00e8 previsto per sabato pomeriggio con temporali forti e un ulteriore calo termico: questa perturbazione colpir\u00e0 il Nord e la fascia centrale tra Toscana e Marche ma, a Sud di una linea immaginaria, avremo sole e temperature pi\u00f9 miti.<\/p>\n","protected":false},"excerpt":{"rendered":"<p>Cicloni, vento e piogge sull&#8217;Italia.\u00a0Una bassa pressione si approfondir\u00e0 sul Tirreno fino ad un minimo di 995 hPa sulle Bocche di Bonifacio, un valore decisamente basso che causer\u00e0 venti forti in prevalenza da Sud-Est, quindi di Scirocco.\u00a0I venti saranno associati anche a piogge intense sulla Sardegna e sul Nord-Ovest, con un ritorno all&#8217;Autunno per il [&hellip;]<\/p>\n","protected":false},"author":2,"featured_media":7112,"comment_status":"open","ping_status":"open","sticky":false,"template":"","format":"standard","meta":{"ub_ctt_via":"","_mi_skip_tracking":false},"categories":[6],"tags":[1480,178,2025,150],"featured_image_src":"https:\/\/www.messinaoggi.it\/website\/wp-content\/uploads\/2017\/09\/meteo-piogge-2-2.jpg","author_info":{"display_name":"Redazione","author_link":"https:\/\/www.messinaoggi.it\/website\/author\/redazione\/"},"digistream_id":0,"digistream":false,"_links":{"self":[{"href":"https:\/\/www.messinaoggi.it\/website\/wp-json\/wp\/v2\/posts\/105136"}],"collection":[{"href":"https:\/\/www.messinaoggi.it\/website\/wp-json\/wp\/v2\/posts"}],"about":[{"href":"https:\/\/www.messinaoggi.it\/website\/wp-json\/wp\/v2\/types\/post"}],"author":[{"embeddable":true,"href":"https:\/\/www.messinaoggi.it\/website\/wp-json\/wp\/v2\/users\/2"}],"replies":[{"embeddable":true,"href":"https:\/\/www.messinaoggi.it\/website\/wp-json\/wp\/v2\/comments?post=105136"}],"version-history":[{"count":1,"href":"https:\/\/www.messinaoggi.it\/website\/wp-json\/wp\/v2\/posts\/105136\/revisions"}],"predecessor-version":[{"id":105137,"href":"https:\/\/www.messinaoggi.it\/website\/wp-json\/wp\/v2\/posts\/105136\/revisions\/105137"}],"wp:featuredmedia":[{"embeddable":true,"href":"https:\/\/www.messinaoggi.it\/website\/wp-json\/wp\/v2\/media\/7112"}],"wp:attachment":[{"href":"https:\/\/www.messinaoggi.it\/website\/wp-json\/wp\/v2\/media?parent=105136"}],"wp:term":[{"taxonomy":"category","embeddable":true,"href":"https:\/\/www.messinaoggi.it\/website\/wp-json\/wp\/v2\/categories?post=105136"},{"taxonomy":"post_tag","embeddable":true,"href":"https:\/\/www.messinaoggi.it\/website\/wp-json\/wp\/v2\/tags?post=105136"}],"curies":[{"name":"wp","href":"https:\/\/api.w.org\/{rel}","templated":true}]}}