{"id":105125,"date":"2022-04-21T07:24:31","date_gmt":"2022-04-21T05:24:31","guid":{"rendered":"http:\/\/www.messinaoggi.it\/website\/?p=105125"},"modified":"2022-04-21T07:24:42","modified_gmt":"2022-04-21T05:24:42","slug":"uiltrasporti-chiediamo-al-commissario-di-dare-risposte-a-140-lavoratori-lasciati-appesi-dallamministrazione-de-luca","status":"publish","type":"post","link":"https:\/\/www.messinaoggi.it\/website\/2022\/04\/21\/uiltrasporti-chiediamo-al-commissario-di-dare-risposte-a-140-lavoratori-lasciati-appesi-dallamministrazione-de-luca\/","title":{"rendered":"Uiltrasporti: &#8220;Chiediamo al commissario di dare risposte a 140 lavoratori lasciati appesi dall&#8217;Amministrazione De Luca&#8221;"},"content":{"rendered":"\n<p>In scadenza al prossimo 31 maggio oltre 140 contratti a tempo determinato dei lavoratori addetti alla raccolta rifiuti di Messina Servizi . \u201cLe dimissioni anticipate dell\u2019amministrazione De luca hanno lasciato nel limbo 140 lavoratori a tempo determinato di Messina Servizi &#8211; dichiara Michele Barresi segretario generale Uiltrasporti Messina &#8211; e con essi la continuit\u00e0 del servizio porta a porta che solo con la loro stabilizzazione potr\u00e0 avere seguito \u201c<br>L\u2019allarme \u00e8 lanciato al commissario del Comune, Leonardo Santoro, che \u00e8 anche socio unico di Messina Servizi . \u201cManca poco pi\u00f9 di un mese alla scadenza e occorre capire se il piano economico finanziario di MSBC ,lasciato in eredit\u00e0 dalla uscente amministrazione, \u00e8 comprensivo delle risorse per garantire la stabilizzazione di questi lavoratori e se lo stesso e\u2019 stato vagliato dal Commissario , dai revisori e dal Consiglio Comunale .<br>\u201cNon vogliamo fare allarmismi ma occorre dare certezze sulla prosecuzione occupazionale di queste maestranze a sindacato e lavoratori &#8211; conclude Barresi &#8211; in quanto sussistono condizioni giuridiche e le necessit\u00e0 organizzative tali da giustificare la stabilizzazione a tempo indeterminato, ma occorre fare in fretta e senza strumentalizzazioni elettorali, per evitare anche il blocco della raccolta porta a porta in citt\u00e0&#8221;.<div id=\"div-gpt-ad-Messinaoggi.it-DSK-300x250-corpoart\" style=\"text-align:center;margin:0 auto;\"><\/div><\/p>\n<div id=\"videoincontent\" style=\"clear:both\";><\/div>","protected":false},"excerpt":{"rendered":"<p>In scadenza al prossimo 31 maggio oltre 140 contratti a tempo determinato dei lavoratori addetti alla raccolta rifiuti di Messina Servizi . \u201cLe dimissioni anticipate dell\u2019amministrazione De luca hanno lasciato nel limbo 140 lavoratori a tempo determinato di Messina Servizi &#8211; dichiara Michele Barresi segretario generale Uiltrasporti Messina &#8211; e con essi la continuit\u00e0 del [&hellip;]<\/p>\n","protected":false},"author":4,"featured_media":51834,"comment_status":"open","ping_status":"open","sticky":false,"template":"","format":"standard","meta":{"ub_ctt_via":"","_mi_skip_tracking":false},"categories":[6],"tags":[871],"featured_image_src":"https:\/\/www.messinaoggi.it\/website\/wp-content\/uploads\/2021\/01\/11DCDEB9-4B0E-40BF-A20A-C5CF98C7A009.jpeg","author_info":{"display_name":"redme","author_link":"https:\/\/www.messinaoggi.it\/website\/author\/redme\/"},"digistream_id":0,"digistream":false,"_links":{"self":[{"href":"https:\/\/www.messinaoggi.it\/website\/wp-json\/wp\/v2\/posts\/105125"}],"collection":[{"href":"https:\/\/www.messinaoggi.it\/website\/wp-json\/wp\/v2\/posts"}],"about":[{"href":"https:\/\/www.messinaoggi.it\/website\/wp-json\/wp\/v2\/types\/post"}],"author":[{"embeddable":true,"href":"https:\/\/www.messinaoggi.it\/website\/wp-json\/wp\/v2\/users\/4"}],"replies":[{"embeddable":true,"href":"https:\/\/www.messinaoggi.it\/website\/wp-json\/wp\/v2\/comments?post=105125"}],"version-history":[{"count":1,"href":"https:\/\/www.messinaoggi.it\/website\/wp-json\/wp\/v2\/posts\/105125\/revisions"}],"predecessor-version":[{"id":105126,"href":"https:\/\/www.messinaoggi.it\/website\/wp-json\/wp\/v2\/posts\/105125\/revisions\/105126"}],"wp:featuredmedia":[{"embeddable":true,"href":"https:\/\/www.messinaoggi.it\/website\/wp-json\/wp\/v2\/media\/51834"}],"wp:attachment":[{"href":"https:\/\/www.messinaoggi.it\/website\/wp-json\/wp\/v2\/media?parent=105125"}],"wp:term":[{"taxonomy":"category","embeddable":true,"href":"https:\/\/www.messinaoggi.it\/website\/wp-json\/wp\/v2\/categories?post=105125"},{"taxonomy":"post_tag","embeddable":true,"href":"https:\/\/www.messinaoggi.it\/website\/wp-json\/wp\/v2\/tags?post=105125"}],"curies":[{"name":"wp","href":"https:\/\/api.w.org\/{rel}","templated":true}]}}