{"id":105014,"date":"2022-04-20T09:43:37","date_gmt":"2022-04-20T07:43:37","guid":{"rendered":"http:\/\/www.messinaoggi.it\/website\/?p=105014"},"modified":"2022-04-20T19:22:52","modified_gmt":"2022-04-20T17:22:52","slug":"navarra-pd-vedo-un-de-luca-preoccupato","status":"publish","type":"post","link":"https:\/\/www.messinaoggi.it\/website\/2022\/04\/20\/navarra-pd-vedo-un-de-luca-preoccupato\/","title":{"rendered":"Navarra (Pd): &#8220;Vedo un De Luca preoccupato&#8230;&#8221;"},"content":{"rendered":"\n<p>Entra nel vivo il dibattito politico in vista delle amministrative di giugno. Oggi da registrare la nota dell&#8217;on. Pietro Navarra, parlamentare del Pd.<div id=\"div-gpt-ad-Messinaoggi.it-DSK-300x250-corpoart\" style=\"text-align:center;margin:0 auto;\"><\/div><\/p>\n\n\n\n<p>\u201cConstato che il mio nome viene quotidianamente tirato in ballo dall\u2019ex sindaco di Messina Cateno De Luca per alimentare l\u2019ennesima operazione di distrazione di massa ai danni della citt\u00e0, che in queste settimane dovrebbe essere chiamata, invece, a scegliere tra i programmi proposti dai candidati alla carica di primo cittadino.<div id=\"videoincontent\" style=\"clear:both\";><\/div><\/p>\n\n\n\n<p>De Luca continua a prefigurare \u201cl\u2019asse tra i potenti\u201d di centro-destra e centro-sinistra, che sarebbero d\u2019accordo per \u201cfarlo fuori\u201d. Al di l\u00e0 di una terminologia inaccettabile, visto che le elezioni sono esercizio democratico e non certo di killeraggio; al di l\u00e0 di quanto sia inopportuno in un momento qual \u00e8 quello che stiamo vivendo il ricorso a immagini di questo tipo, De Luca ancora una volta non riesce a smentirsi e continua prendere in giro Messina e i messinesi.<\/p>\n\n\n\n<p>Vorrei ricordare all\u2019ex sindaco \u201cin fuga\u201d dalla citt\u00e0 che ha appena imbarcato nella sua coalizione chi \u2013 l\u2019On. German\u00e0 \u2013 fino all\u2019altro giorno non ha esitato a definire \u201cil rappresentante dei potentati\u201d della citt\u00e0. Non ho nulla contro Nino German\u00e0, ma per l\u2019ennesima volta rilevo come De Luca sia pronto a cambiare strumentalmente e con stupefacente rapidit\u00e0 opinioni e giudizi sulle persone.<\/p>\n\n\n\n<p>L\u2019ex sindaco \u201cin fuga\u201d \u00e8 preoccupato. Il margine di vantaggio che Basile aveva accumulato correndo da solo fino a qualche giorno fa si assottiglia giorno dopo giorno perch\u00e9 sono entrati in campo gli altri candidati. E mentre Basile perde colpi e terreno, De Luca perde la faccia e, impaurito, si affanna a costruire teoremi senza n\u00e9 senso n\u00e9 fondamento.<\/p>\n\n\n\n<p>Dice che centro-destra e centro-sinistra sono d\u2019accordo: un concetto ardito visto che ciascuno dei due schieramenti ha un candidato che sostiene e sosterr\u00e0 fino alla fine con convinzione e impegno. Sarebbe stato diverso se avessero scelto di puntare su un nome condiviso, ma ci\u00f2 non \u00e8 accaduto e, distratto dalla sua campagna elettorale per le regionali, pare che l\u2019ex sindaco De Luca non se ne sia ancora reso conto.<\/p>\n\n\n\n<p>Il centro-sinistra, poi, ha trovato in Franco De Domenico il miglior candidato su cui convergere in modo quanto mai compatto e unitario, consapevole di poter affrontare con successo questa sfida per la citt\u00e0 di Messina contro Basile, Croce e gli altri candidati in competizione tra loro. Il vero asse, vorrei dire all\u2019ex Sindaco De Luca \u201cin fuga\u201d, \u00e8 quello costituito da partiti e movimenti ufficialmente schierati al fianco di De Domenico.<\/p>\n\n\n\n<p>E se proprio di inciucio dobbiamo parlare, facciamolo pure, ma con dati di fatto e mettendo in chiaro che il maestro in quest\u2019arte \u00e8 lui, Cateno De Luca, pronto a svendere sul tavolo palermitano Messina e i messinesi. Le simpatie di Forza Italia e della Lega nei suoi confronti, testimoniate dalla candidatura dell\u2019Assessore Musolino alle europee nelle liste di Forza Italia e dal sostegno di questi giorni dell\u2019On. Nino German\u00e0 con il placet di Matteo Salvini alla candidatura di Basile, sono il frutto di una intesa siglata a Palermo nel solco della peggior politica che l\u2019ex sindaco \u201cin fuga\u201d conosce bene, visto il suo pluridecennale percorso fatto di sistematici cambi di casacca e genuflessioni ai piedi dei potenti di turno, come quelle del servizio bar con granite di cui ci ha ricordato l\u2019On. Buzzanca qualche giorno addietro.<\/p>\n\n\n\n<p>Comprendo le difficolt\u00e0 di De Luca che la butta in caciara non potendo parlare di candidati e programmi. Infatti, seppure un candidato a sindaco lo ha tirato fuori dal cilindro, evidentemente non \u00e8 possibile discutere di programmi perch\u00e9 \u00e8 difficile associarli a chi li dovrebbe attuare, ma nei fatti non esiste, essendo un burattino nelle mani di un burattinaio. A tal proposito, aspettiamo che Basile si presenti ai confronti con gli altri candidati a sindaco, visto che ha disertato il primo appuntamento e sembrerebbe aver dato forfait agli altri in programma\u201d.<\/p>\n","protected":false},"excerpt":{"rendered":"<p>Entra nel vivo il dibattito politico in vista delle amministrative di giugno. Oggi da registrare la nota dell&#8217;on. Pietro Navarra, parlamentare del Pd. \u201cConstato che il mio nome viene quotidianamente tirato in ballo dall\u2019ex sindaco di Messina Cateno De Luca per alimentare l\u2019ennesima operazione di distrazione di massa ai danni della citt\u00e0, che in queste [&hellip;]<\/p>\n","protected":false},"author":2,"featured_media":15290,"comment_status":"open","ping_status":"open","sticky":false,"template":"","format":"standard","meta":{"ub_ctt_via":"","_mi_skip_tracking":false},"categories":[19,4],"tags":[4012,126,942],"featured_image_src":"https:\/\/www.messinaoggi.it\/website\/wp-content\/uploads\/2018\/02\/navarra-N82A8454-1.jpg","author_info":{"display_name":"Redazione","author_link":"https:\/\/www.messinaoggi.it\/website\/author\/redazione\/"},"digistream_id":0,"digistream":false,"_links":{"self":[{"href":"https:\/\/www.messinaoggi.it\/website\/wp-json\/wp\/v2\/posts\/105014"}],"collection":[{"href":"https:\/\/www.messinaoggi.it\/website\/wp-json\/wp\/v2\/posts"}],"about":[{"href":"https:\/\/www.messinaoggi.it\/website\/wp-json\/wp\/v2\/types\/post"}],"author":[{"embeddable":true,"href":"https:\/\/www.messinaoggi.it\/website\/wp-json\/wp\/v2\/users\/2"}],"replies":[{"embeddable":true,"href":"https:\/\/www.messinaoggi.it\/website\/wp-json\/wp\/v2\/comments?post=105014"}],"version-history":[{"count":2,"href":"https:\/\/www.messinaoggi.it\/website\/wp-json\/wp\/v2\/posts\/105014\/revisions"}],"predecessor-version":[{"id":105025,"href":"https:\/\/www.messinaoggi.it\/website\/wp-json\/wp\/v2\/posts\/105014\/revisions\/105025"}],"wp:featuredmedia":[{"embeddable":true,"href":"https:\/\/www.messinaoggi.it\/website\/wp-json\/wp\/v2\/media\/15290"}],"wp:attachment":[{"href":"https:\/\/www.messinaoggi.it\/website\/wp-json\/wp\/v2\/media?parent=105014"}],"wp:term":[{"taxonomy":"category","embeddable":true,"href":"https:\/\/www.messinaoggi.it\/website\/wp-json\/wp\/v2\/categories?post=105014"},{"taxonomy":"post_tag","embeddable":true,"href":"https:\/\/www.messinaoggi.it\/website\/wp-json\/wp\/v2\/tags?post=105014"}],"curies":[{"name":"wp","href":"https:\/\/api.w.org\/{rel}","templated":true}]}}