{"id":104904,"date":"2022-04-19T08:30:50","date_gmt":"2022-04-19T06:30:50","guid":{"rendered":"http:\/\/www.messinaoggi.it\/website\/?p=104904"},"modified":"2022-04-18T22:41:46","modified_gmt":"2022-04-18T20:41:46","slug":"amministrative-oggi-de-domenico-torna-nei-villaggi-della-zona-sud","status":"publish","type":"post","link":"https:\/\/www.messinaoggi.it\/website\/2022\/04\/19\/amministrative-oggi-de-domenico-torna-nei-villaggi-della-zona-sud\/","title":{"rendered":"Amministrative, oggi De Domenico torna nei villaggi della zona Sud"},"content":{"rendered":"\n<p>Secondo viaggio nei villaggi della zona Sud di Messina per il candidato della coalizione di centrosinistra, Franco De Domenico: oggi pomeriggio sar\u00e0 nella piazza principale di Pezzolo; a seguire Santo Stefano Briga (Capolinea autobus); Santo Stefano Medio (Piazza Pioppo); quindi in Piazza Chiesa a Santa Margherita e a Santa Margherita Marina (pressi ARD discount).<div id=\"div-gpt-ad-Messinaoggi.it-DSK-300x250-corpoart\" style=\"text-align:center;margin:0 auto;\"><\/div><\/p>\n\n\n\n<p>\u201cTorniamo nella zona Sud \u2013 commenta Franco De Domenico \u2013 da dove abbiamo iniziato il nostro viaggio elettorale. Sono momenti importanti di confronto con i cittadini, di approfondimento, durante i quali sto incontrando tantissimi messinesi che hanno voglia di fare proposte per il presente e il futuro della citt\u00e0. Cittadini che non si abbattono, anzi mostrano amore e orgoglio per Messina. Ogni giorno mi suggeriscono spunti interessanti per arricchire il mio programma e, personalmente, mi trasmettono tanta energia, convincendomi, che grazie a loro possiamo dare concretamente vita alla nostra idea di citt\u00e0, inclusiva, di tutti e per tutti\u201d.<div id=\"videoincontent\" style=\"clear:both\";><\/div><\/p>\n\n\n\n<p>\u201cIeri, a tal proposito &#8211; aggiunge il candidato sindaco del centrosinistra &#8211; ho seguito la vicenda dell\u2019occupazione del Parco Aldo Moro. Visti gli accordi gi\u00e0 presi tra INGV e Comune, non ci sono pi\u00f9 alibi: \u00e8 un\u2019area che deve essere restituita alla fruizione dei messinesi\u201d.<\/p>\n\n\n\n<p>Gli orari degli appuntamenti sono consultabili sulla pagina Facebook: Franco De Domenico<\/p>\n","protected":false},"excerpt":{"rendered":"<p>Secondo viaggio nei villaggi della zona Sud di Messina per il candidato della coalizione di centrosinistra, Franco De Domenico: oggi pomeriggio sar\u00e0 nella piazza principale di Pezzolo; a seguire Santo Stefano Briga (Capolinea autobus); Santo Stefano Medio (Piazza Pioppo); quindi in Piazza Chiesa a Santa Margherita e a Santa Margherita Marina (pressi ARD discount). \u201cTorniamo [&hellip;]<\/p>\n","protected":false},"author":8,"featured_media":104905,"comment_status":"open","ping_status":"open","sticky":false,"template":"","format":"standard","meta":{"ub_ctt_via":"","_mi_skip_tracking":false},"categories":[4],"tags":[4012,2059],"featured_image_src":"https:\/\/www.messinaoggi.it\/website\/wp-content\/uploads\/2022\/04\/IMG-20220418-WA0042.jpg","author_info":{"display_name":"red..me","author_link":"https:\/\/www.messinaoggi.it\/website\/author\/redstage\/"},"digistream_id":0,"digistream":false,"_links":{"self":[{"href":"https:\/\/www.messinaoggi.it\/website\/wp-json\/wp\/v2\/posts\/104904"}],"collection":[{"href":"https:\/\/www.messinaoggi.it\/website\/wp-json\/wp\/v2\/posts"}],"about":[{"href":"https:\/\/www.messinaoggi.it\/website\/wp-json\/wp\/v2\/types\/post"}],"author":[{"embeddable":true,"href":"https:\/\/www.messinaoggi.it\/website\/wp-json\/wp\/v2\/users\/8"}],"replies":[{"embeddable":true,"href":"https:\/\/www.messinaoggi.it\/website\/wp-json\/wp\/v2\/comments?post=104904"}],"version-history":[{"count":1,"href":"https:\/\/www.messinaoggi.it\/website\/wp-json\/wp\/v2\/posts\/104904\/revisions"}],"predecessor-version":[{"id":104906,"href":"https:\/\/www.messinaoggi.it\/website\/wp-json\/wp\/v2\/posts\/104904\/revisions\/104906"}],"wp:featuredmedia":[{"embeddable":true,"href":"https:\/\/www.messinaoggi.it\/website\/wp-json\/wp\/v2\/media\/104905"}],"wp:attachment":[{"href":"https:\/\/www.messinaoggi.it\/website\/wp-json\/wp\/v2\/media?parent=104904"}],"wp:term":[{"taxonomy":"category","embeddable":true,"href":"https:\/\/www.messinaoggi.it\/website\/wp-json\/wp\/v2\/categories?post=104904"},{"taxonomy":"post_tag","embeddable":true,"href":"https:\/\/www.messinaoggi.it\/website\/wp-json\/wp\/v2\/tags?post=104904"}],"curies":[{"name":"wp","href":"https:\/\/api.w.org\/{rel}","templated":true}]}}