{"id":104860,"date":"2022-04-17T12:52:40","date_gmt":"2022-04-17T10:52:40","guid":{"rendered":"http:\/\/www.messinaoggi.it\/website\/?p=104860"},"modified":"2022-04-17T12:52:40","modified_gmt":"2022-04-17T10:52:40","slug":"germana-non-mi-interessano-le-poltrone","status":"publish","type":"post","link":"https:\/\/www.messinaoggi.it\/website\/2022\/04\/17\/germana-non-mi-interessano-le-poltrone\/","title":{"rendered":"German\u00e0: &#8220;Non mi interessano le poltrone&#8221;"},"content":{"rendered":"\n<p>&#8220;Non mi interessano ruoli e poltrone.\u00a0Quello che chieder\u00f2 \u00e8 un accordo sui programmi&#8221;. Lo ha detto Nino German\u00e0, leader provinciale della Lega di Matteo Salvini.<div id=\"div-gpt-ad-Messinaoggi.it-DSK-300x250-corpoart\" style=\"text-align:center;margin:0 auto;\"><\/div><\/p>\n\n\n\n<p> &#8220;Sui programmi e sui punti da portare avanti &#8211; ha sottolineato Federico Basile &#8211; ci ritroveremo senz&#8217;altro avendo come unico obiettivo il bene della nostra citt\u00e0.\u00a0Per noi \u00e8 importante proseguire il percorso di crescita dall&#8217;amministrazione De Luca.\u00a0\u00c8 chiaro che le logiche degli schieramenti, in questo momento, sbattono contro il muro della concretezza dei progetti che in questi anni abbiamo portato avanti&#8221;.&#8221;La scelta di German\u00e0 &#8211; ha spiegato Cateno De Luca &#8211; \u00e8 una dichiarazione d&#8217;amore per la citt\u00e0 di\u00a0<strong>Messina<\/strong>.\u00a0Con la sua scelta Nino German\u00e0 dimostra di non essere complice dell&#8217;asse Navarra- Genovese.Lavoriamo insieme per scardinare una volta per tutte questo sistema fatto di consorterie politiche.\u00a0Lavoriamo insieme per sostenere Federico Basile, la scelta giusta, l&#8217;unica possibile per la citt\u00e0 di\u00a0<strong>Messina<\/strong>&#8220;<div id=\"videoincontent\" style=\"clear:both\";><\/div><\/p>\n","protected":false},"excerpt":{"rendered":"<p>&#8220;Non mi interessano ruoli e poltrone.\u00a0Quello che chieder\u00f2 \u00e8 un accordo sui programmi&#8221;. Lo ha detto Nino German\u00e0, leader provinciale della Lega di Matteo Salvini. &#8220;Sui programmi e sui punti da portare avanti &#8211; ha sottolineato Federico Basile &#8211; ci ritroveremo senz&#8217;altro avendo come unico obiettivo il bene della nostra citt\u00e0.\u00a0Per noi \u00e8 importante proseguire [&hellip;]<\/p>\n","protected":false},"author":2,"featured_media":61090,"comment_status":"open","ping_status":"open","sticky":false,"template":"","format":"standard","meta":{"ub_ctt_via":"","_mi_skip_tracking":false},"categories":[4],"tags":[4012,126,2972,1612],"featured_image_src":"https:\/\/www.messinaoggi.it\/website\/wp-content\/uploads\/2021\/04\/3022851C-A5E9-4B3C-A4C6-AD49F43EBEBC.jpeg","author_info":{"display_name":"Redazione","author_link":"https:\/\/www.messinaoggi.it\/website\/author\/redazione\/"},"digistream_id":0,"digistream":false,"_links":{"self":[{"href":"https:\/\/www.messinaoggi.it\/website\/wp-json\/wp\/v2\/posts\/104860"}],"collection":[{"href":"https:\/\/www.messinaoggi.it\/website\/wp-json\/wp\/v2\/posts"}],"about":[{"href":"https:\/\/www.messinaoggi.it\/website\/wp-json\/wp\/v2\/types\/post"}],"author":[{"embeddable":true,"href":"https:\/\/www.messinaoggi.it\/website\/wp-json\/wp\/v2\/users\/2"}],"replies":[{"embeddable":true,"href":"https:\/\/www.messinaoggi.it\/website\/wp-json\/wp\/v2\/comments?post=104860"}],"version-history":[{"count":1,"href":"https:\/\/www.messinaoggi.it\/website\/wp-json\/wp\/v2\/posts\/104860\/revisions"}],"predecessor-version":[{"id":104861,"href":"https:\/\/www.messinaoggi.it\/website\/wp-json\/wp\/v2\/posts\/104860\/revisions\/104861"}],"wp:featuredmedia":[{"embeddable":true,"href":"https:\/\/www.messinaoggi.it\/website\/wp-json\/wp\/v2\/media\/61090"}],"wp:attachment":[{"href":"https:\/\/www.messinaoggi.it\/website\/wp-json\/wp\/v2\/media?parent=104860"}],"wp:term":[{"taxonomy":"category","embeddable":true,"href":"https:\/\/www.messinaoggi.it\/website\/wp-json\/wp\/v2\/categories?post=104860"},{"taxonomy":"post_tag","embeddable":true,"href":"https:\/\/www.messinaoggi.it\/website\/wp-json\/wp\/v2\/tags?post=104860"}],"curies":[{"name":"wp","href":"https:\/\/api.w.org\/{rel}","templated":true}]}}