{"id":10438,"date":"2017-10-26T15:54:43","date_gmt":"2017-10-26T13:54:43","guid":{"rendered":"http:\/\/www.messinaoggi.it\/website\/?p=10438"},"modified":"2017-10-26T15:54:43","modified_gmt":"2017-10-26T13:54:43","slug":"giorgia-meloni-versione-riviera-centro-affaccio-dimenticato-da-7-anni-scegliete-senza-patti","status":"publish","type":"post","link":"https:\/\/www.messinaoggi.it\/website\/2017\/10\/26\/giorgia-meloni-versione-riviera-centro-affaccio-dimenticato-da-7-anni-scegliete-senza-patti\/","title":{"rendered":"Giorgia Meloni \u201cversione Riviera Centro\u201d: Affaccio dimenticato da 7 anni. Scegliete senza Patti"},"content":{"rendered":"<p style=\"text-align: justify\">\u201cAvete un Waterfront con uno scenario pi\u00f9 bello di quello di Citt\u00e0 del Capo che io ho visto dal vivo. E\u2019 il motivo per cui vi ho chiamati qui oggi su questa costa degradata che tutti invidierebbero. Invece, altre nazioni con minori patrimoni naturali ma con pi\u00f9 infrastrutture, sanno avvalersi delle loro risorse movimentando il turismo. Qui, un progetto fermo e finanziato da sette anni mi fa arrabbiare. Bisogna dire ai cittadini che hanno votato i responsabili di questo stop di mandarli a casa, di dare ad altri la chance di misurarsi con il territorio e svilupparlo\u201d. Ecco spiegata la ragione del cambio di location per la sua conferenza stampa. La <strong>cofondatrice, nonch\u00e9 Presidentessa di Fratelli d\u2019Italia, Giorgia Meloni<\/strong>, in visita all\u2019area di Maregrosso e alla via Don Blasco, ha voluto dimostrare una delle carenze accumulate dall\u2019Amministrazione Crocetta.<div id=\"div-gpt-ad-Messinaoggi.it-DSK-300x250-corpoart\" style=\"text-align:center;margin:0 auto;\"><\/div><\/p>\n<p style=\"text-align: justify\"><strong><img loading=\"lazy\" class=\"alignnone size-medium wp-image-10427\" src=\"http:\/\/www.messinaoggi.it\/website\/wp-content\/uploads\/2017\/10\/meloni-amataRRP_1880-300x200.jpg\" alt=\"\" width=\"300\" height=\"200\" \/>Ad accompagnare l\u2019ex ministro c\u2019\u00e8 la candidata all\u2019Ars Elvira Amata<\/strong>, ormai Capogruppo di Fratelli d\u2019Italia a Palazzo Zanca e che sar\u00e0 con lei per tutto tour della giornata anche a Piazza Duomo.<div id=\"videoincontent\" style=\"clear:both\";><\/div><\/p>\n<p style=\"text-align: justify\">\u201cNon penso che si possa mettere in capo a Nello Musumeci la singola selezione dei rappresentanti della lista (in merito agli impresentabili) \u2013 continua Meloni -. Penso che si possa mettere in capo a lui invece, successivamente, la scelta della squadra degli assessori. Credo che si possa chiedere ai cittadini di fare la selezi9one andando a votare perch\u00e9 non \u00e8 vero che i politici sono tutti uguali, perch\u00e9 si pu\u00f2 fare una cernita delle persone in campo. Non facciamo qualunquismo ma invito ad esaminare i curricula dei candidati, i programmi, la storia politica. Colpa della politica e non solo, a volte ci si perde sulle controversie che non interessano questa terra che rischia di non avere un\u2019altra opportunit\u00e0 dopo il Governo Crocetta. Noi vorremmo parlare di temi\u201d.<\/p>\n<p style=\"text-align: justify\"><img loading=\"lazy\" class=\"alignnone size-medium wp-image-10421\" src=\"http:\/\/www.messinaoggi.it\/website\/wp-content\/uploads\/2017\/10\/giorgia-meloni-RRP_1893-300x200.jpg\" alt=\"\" width=\"300\" height=\"200\" \/>Micari ha detto di temere la presenza di Salvini in Sicilia ma la presidentessa risponde con determinazione: \u201cDetto da un partito che ha impiegato un pomeriggio a trovare 20 miliardi per una banca e in un mese non \u00e8 riuscito a consegnare una casetta per i terremotati, non ci sono i presupposti neanche per parlare. Il Pd ha ben altro di cui temere. I cittadini che si sono fatti governare non temono noi ma temono Matteo Renzi. Si vede anche dai viaggi in treno dell\u2019ex presidente del Consiglio. I governi di Centrosinistra hanno massacrato noi e gli Italiani. Se ne sono fregati dei cittadini abbandonati per curare gli interessi delle banche, delle finanze internazionali, delle Multinazionali, degli amici degli amici. La popolazione deve temere ben altro\u201d.<\/p>\n<p style=\"text-align: justify\">Sulla possibilit\u00e0 di effettuare il voto disgiunto e sull\u2019invito rivolto proprio da due rivali alla Presidenza della Regione, la Meloni sostiene: \u201cNon sento odore di inciucio post elezioni. Noi chiediamo alla comunit\u00e0 di farci vincere con la maggioranza. Mi sono ripromessa e ho promesso a Musumeci che il nostro valore aggiunto sarebbe stato quello di formare un gruppo di persone che rimarranno dalla stessa parte dall\u2019inizio alla fine\u201d.<\/p>\n<p style=\"text-align: right\"><strong>\u00a0 \u00a0 \u00a0 \u00a0 \u00a0 \u00a0 \u00a0\u00a0<\/strong><strong>Foto Rocco Papandrea \u00a0<\/strong><\/p>\n<p style=\"text-align: right\"><strong>\u00a0 \u00a0 \u00a0 \u00a0 \u00a0 \u00a0 \u00a0 \u00a0<\/strong><\/p>\n","protected":false},"excerpt":{"rendered":"<p>\u201cAvete un Waterfront con uno scenario pi\u00f9 bello di quello di Citt\u00e0 del Capo che io ho visto dal vivo. E\u2019 il motivo per cui vi ho chiamati qui oggi su questa costa degradata che tutti invidierebbero. Invece, altre nazioni con minori patrimoni naturali ma con pi\u00f9 infrastrutture, sanno avvalersi delle loro risorse movimentando il [&hellip;]<\/p>\n","protected":false},"author":7,"featured_media":10418,"comment_status":"closed","ping_status":"open","sticky":false,"template":"","format":"standard","meta":{"ub_ctt_via":"","_mi_skip_tracking":false},"categories":[4],"tags":[],"featured_image_src":"https:\/\/www.messinaoggi.it\/website\/wp-content\/uploads\/2017\/10\/giorgia-meloni-a-maregrossoRRP_1913.jpg","author_info":{"display_name":"Redazione1","author_link":"https:\/\/www.messinaoggi.it\/website\/author\/redazione1\/"},"digistream_id":0,"digistream":false,"_links":{"self":[{"href":"https:\/\/www.messinaoggi.it\/website\/wp-json\/wp\/v2\/posts\/10438"}],"collection":[{"href":"https:\/\/www.messinaoggi.it\/website\/wp-json\/wp\/v2\/posts"}],"about":[{"href":"https:\/\/www.messinaoggi.it\/website\/wp-json\/wp\/v2\/types\/post"}],"author":[{"embeddable":true,"href":"https:\/\/www.messinaoggi.it\/website\/wp-json\/wp\/v2\/users\/7"}],"replies":[{"embeddable":true,"href":"https:\/\/www.messinaoggi.it\/website\/wp-json\/wp\/v2\/comments?post=10438"}],"version-history":[{"count":0,"href":"https:\/\/www.messinaoggi.it\/website\/wp-json\/wp\/v2\/posts\/10438\/revisions"}],"wp:featuredmedia":[{"embeddable":true,"href":"https:\/\/www.messinaoggi.it\/website\/wp-json\/wp\/v2\/media\/10418"}],"wp:attachment":[{"href":"https:\/\/www.messinaoggi.it\/website\/wp-json\/wp\/v2\/media?parent=10438"}],"wp:term":[{"taxonomy":"category","embeddable":true,"href":"https:\/\/www.messinaoggi.it\/website\/wp-json\/wp\/v2\/categories?post=10438"},{"taxonomy":"post_tag","embeddable":true,"href":"https:\/\/www.messinaoggi.it\/website\/wp-json\/wp\/v2\/tags?post=10438"}],"curies":[{"name":"wp","href":"https:\/\/api.w.org\/{rel}","templated":true}]}}