{"id":104105,"date":"2022-04-11T10:22:50","date_gmt":"2022-04-11T08:22:50","guid":{"rendered":"http:\/\/www.messinaoggi.it\/website\/?p=104105"},"modified":"2022-04-11T10:22:51","modified_gmt":"2022-04-11T08:22:51","slug":"fdi-domani-lannuncio-di-sostegno-a-croce","status":"publish","type":"post","link":"https:\/\/www.messinaoggi.it\/website\/2022\/04\/11\/fdi-domani-lannuncio-di-sostegno-a-croce\/","title":{"rendered":"FdI, domani l&#8217;annuncio di sostegno a Croce?"},"content":{"rendered":"\n<p>La decisione sarebbe (il condizionale in politica \u00e8 d&#8217;obbligo), stata presa la scorsa settimana a Catania nel corso di un vertice al quale hanno partecipato Ignazio Larussa e Giovanni Donezelli. Fratelli d&#8217;Italia appogger\u00e0 la candidatura di Maurizio Croce, indicato dalla colazione di centrodestra, per la corsa alla carica di primo cittadino di Messina.<div id=\"div-gpt-ad-Messinaoggi.it-DSK-300x250-corpoart\" style=\"text-align:center;margin:0 auto;\"><\/div><\/p>\n\n\n\n<p>L&#8217;ufficializzazione verr\u00e0 data domani al termine di un vertice che dovrebbe tenersi a Messina. Si tratta dell&#8217;ultimo &#8220;s\u00ec&#8221; alla candidatura del dirigente regionale indicato da Forza Italia e Ora Messina. Poi scatter\u00e0 la campagna elettorale, in attesa che anche la Lega converga sul nome di Croce. L&#8217;ultima parola, come pi\u00f9 volte sottolineato da Nino German\u00e0, spetter\u00e0 a Matteo Salvini.<div id=\"videoincontent\" style=\"clear:both\";><\/div><\/p>\n\n\n\n<p>Intanto, c&#8217;\u00e8 fermento nelle liste dei candidati al consiglio comunale dei partiti di centrodestra. Il pi\u00f9 attivo \u00e8 Fratelli d&#8217;Italia che presenter\u00e0 una lista che svolger\u00e0 un ruolo da protagonista. Circola anche il nome di Ferdinando Croce quale candidato. Ci\u00f2 determinerebbe una frattura all&#8217;interno del gruppo &#8220;Vento dello Stretto&#8221;, con due-tre candidati in corsa. Un modo per ristabilire i valori in campo delle componenti. <\/p>\n\n\n\n<p>Lo stesso dicasi per Ora Messina di Luigi Genovese, accreditata come la lista meglio assortita. Arranca, di contro Forza Italia, letteralmente svuotata dopo gli addii di Zante, Vaccarino e Crif\u00f2. Rimane un&#8217;incognita Prima l&#8217;Italia: non \u00e8 chiaro se German\u00e0 far\u00e0 una lista propria per misurarsi con Catalfamo. E&#8217; certo che l&#8217;unico &#8220;pezzo da novanta&#8221; della Lega, ovvero Pippo Capurro, si sta guardando intorno perch\u00e9 non si fida della consistenza della lista.<\/p>\n","protected":false},"excerpt":{"rendered":"<p>La decisione sarebbe (il condizionale in politica \u00e8 d&#8217;obbligo), stata presa la scorsa settimana a Catania nel corso di un vertice al quale hanno partecipato Ignazio Larussa e Giovanni Donezelli. Fratelli d&#8217;Italia appogger\u00e0 la candidatura di Maurizio Croce, indicato dalla colazione di centrodestra, per la corsa alla carica di primo cittadino di Messina. L&#8217;ufficializzazione verr\u00e0 [&hellip;]<\/p>\n","protected":false},"author":2,"featured_media":2682,"comment_status":"open","ping_status":"open","sticky":false,"template":"","format":"standard","meta":{"ub_ctt_via":"","_mi_skip_tracking":false},"categories":[19],"tags":[4012,3070],"featured_image_src":"https:\/\/www.messinaoggi.it\/website\/wp-content\/uploads\/2017\/06\/Amministrative-elezioni-2.jpg","author_info":{"display_name":"Redazione","author_link":"https:\/\/www.messinaoggi.it\/website\/author\/redazione\/"},"digistream_id":0,"digistream":false,"_links":{"self":[{"href":"https:\/\/www.messinaoggi.it\/website\/wp-json\/wp\/v2\/posts\/104105"}],"collection":[{"href":"https:\/\/www.messinaoggi.it\/website\/wp-json\/wp\/v2\/posts"}],"about":[{"href":"https:\/\/www.messinaoggi.it\/website\/wp-json\/wp\/v2\/types\/post"}],"author":[{"embeddable":true,"href":"https:\/\/www.messinaoggi.it\/website\/wp-json\/wp\/v2\/users\/2"}],"replies":[{"embeddable":true,"href":"https:\/\/www.messinaoggi.it\/website\/wp-json\/wp\/v2\/comments?post=104105"}],"version-history":[{"count":1,"href":"https:\/\/www.messinaoggi.it\/website\/wp-json\/wp\/v2\/posts\/104105\/revisions"}],"predecessor-version":[{"id":104106,"href":"https:\/\/www.messinaoggi.it\/website\/wp-json\/wp\/v2\/posts\/104105\/revisions\/104106"}],"wp:featuredmedia":[{"embeddable":true,"href":"https:\/\/www.messinaoggi.it\/website\/wp-json\/wp\/v2\/media\/2682"}],"wp:attachment":[{"href":"https:\/\/www.messinaoggi.it\/website\/wp-json\/wp\/v2\/media?parent=104105"}],"wp:term":[{"taxonomy":"category","embeddable":true,"href":"https:\/\/www.messinaoggi.it\/website\/wp-json\/wp\/v2\/categories?post=104105"},{"taxonomy":"post_tag","embeddable":true,"href":"https:\/\/www.messinaoggi.it\/website\/wp-json\/wp\/v2\/tags?post=104105"}],"curies":[{"name":"wp","href":"https:\/\/api.w.org\/{rel}","templated":true}]}}