{"id":104097,"date":"2022-04-11T10:07:34","date_gmt":"2022-04-11T08:07:34","guid":{"rendered":"https:\/\/www.messinaoggi.it\/website\/2022\/04\/11\/moratti-passo-giusto-per-linter-ora-vietato-sbagliare\/"},"modified":"2022-04-11T10:09:28","modified_gmt":"2022-04-11T08:09:28","slug":"moratti-passo-giusto-per-linter-ora-vietato-sbagliare","status":"publish","type":"post","link":"https:\/\/www.messinaoggi.it\/website\/2022\/04\/11\/moratti-passo-giusto-per-linter-ora-vietato-sbagliare\/","title":{"rendered":"Moratti \u201cPasso giusto per l\u2019Inter, ora vietato sbagliare\u201d"},"content":{"rendered":"<div>ROMA (ITALPRESS) &#8211; &#8220;Giocarle tutte alla stessa ora? Sarebbe pi\u00f9 interessante e giusto&#8221;. A parlare, ai microfoni di Radio Anch&#8217;io Sport, su Rai Radio 1, \u00e8 l&#8217;ex presidente dell&#8217;Inter Massimo Moratti, convinto che nel rush finale per lo scudetto le gare tra le pretendenti al titolo dovrebbero disputarsi in contemporanea. &#8220;E&#8217; un campionato che ogni domenica mette in pista qualcosa di nuovo &#8211; sottolinea l&#8217;ex patron nerazzurro &#8211; e fa s\u00ec che ci sia qualcuno di diverso per lo scudetto, ma l&#8217;Inter contro il Verona ha fatto il passo giusto e ha convinto, ha giocato davvero bene. Chi prenderei per l&#8217;anno prossimo tra Dybala o Lukaku? Il primo lo considero talmente forte che lo prenderei sempre&#8230; Abbiamo per\u00f2 bisogno di un altro centravanti, o di riserva o al limite titolare. Lautaro? Promette sempre tantissimo, \u00e8 qualche anno che pensiamo debba offrire un rendimento stabile: mezzi e classe per fare molto bene ce l&#8217;ha, forse per paga la mancanza di spazio, speriamo possa esprimersi meglio in queste ultime partite. Correa non \u00e8 male, crea spazi e mette in condizione Dzeko, un altro grandissimo giocatore, di trovare opportunit\u00e0. All&#8217;Inter si chiede continuit\u00e0 e in queste ultime partite deve mettercela tutta&#8221;. Una battuta sul Milan, ieri sera fermata sullo 0-0 dal Torino: &#8220;Il Milan ha gi\u00e0 fatto tantissimo, i tifosi dovrebbero ringraziare Pioli. Ora \u00e8 in un momento di stanca che pu\u00f2 capitare a tutte le squadre. Vedremo se avr\u00e0 la forza di riprendersi, ieri sera il gioco e l&#8217;attacco non si sono espressi bene.Guardando  per\u00f2 City-Liverpool, il ritmo in campo \u00e8 diverso ed \u00e8 dovuto dalla qualit\u00e0: sembrano due sport diversi&#8221;. Moratti non si fida di una Juventus considerata ormai fuori dalla corsa per il tricolore: &#8220;La Juve non \u00e8 fuori dai giochi, purtroppo dico io: in un modo o nell&#8217;altro riesce a vincere, bisogna stare attenti alla Juventus che ad agio ad agio si avvicina. Il Napoli di Spalletti? Non mi aspettavo la sconfitta di ieri con la Fiorentina, per\u00f2 lo trovo sempre un avversario difficile per l&#8217;Inter, forse il pi\u00f9 serio&#8221;. Dopo la pausa pasquale, l&#8217;Inter ospiter\u00e0 la Roma di un ex come Mourinho: &#8220;Ogni tanto lo sento. E&#8217; sempre vivace, affettuoso e amico come lo avevo lasciato, forse anche di pi\u00f9. Gli auguro di fare sempre bene ma stavolta c&#8217;\u00e8 l&#8217;Inter&#8230; Non si pu\u00f2 pi\u00f9 sbagliare, quelle che mi fanno paura sono le partite facili, quelle dove si vincono e spesso si perdono i campionati. Se il contratto di Perisic \u00e8 da rinnovare? S\u00ec, \u00e8 il migliore in questo momento&#8221;. Detto che il calcio, soprattutto in questo periodo, serve anche per dimenticare le brutture della quotidianit\u00e0 (&#8220;Era in difficolt\u00e0 anche prima della pandemia, ora \u00e8 arrivata la guerra, c&#8217;\u00e8 da sperare che continui per distrarci dalla tensione che abbiamo tutti&#8221;), Moratti si sofferma anche sul &#8220;processo plusvalenze&#8221; al via domani: &#8220;Non conosco abbastanza bene la vicenda, comunque non finir\u00e0 in un dramma. Ci saranno delle ammende ma le squadre hanno imparato la lezione, questa cosa ha fatto rumore: il calcio costa e bisogna stargli dietro, senza inventarsi cose per far vedere che non costa&#8221;. Per Moratti,  infine, le due milanesi non avrebbero bisogno di un nuovo stadio: &#8220;Sesto San Giovanni \u00e8 un&#8217;ottima zona ma insisto per San Siro, dove il calcio si vede bene. Forse \u00e8 una necessit\u00e0 di carattere economica per le societ\u00e0: non \u00e8 per difendere un monumento o il passato, ma quando un tifoso entra a San Siro sente la passione di un posto dove sono avvenute cose bellissime. Bisognerebbe preservarlo&#8221;.<br \/>(ITALPRESS).<\/div>\n<div id=\"div-gpt-ad-Messinaoggi.it-DSK-300x250-corpoart\" style=\"text-align:center;margin:0 auto;\"><\/div><\/p><div id=\"videoincontent\" style=\"clear:both\";><\/div>","protected":false},"excerpt":{"rendered":"<p>ROMA (ITALPRESS) &#8211; &#8220;Giocarle tutte alla stessa ora? Sarebbe pi\u00f9 interessante e giusto&#8221;. A parlare, ai microfoni di Radio Anch&#8217;io Sport, su Rai Radio 1, \u00e8 l&#8217;ex presidente dell&#8217;Inter Massimo Moratti, convinto che nel rush finale per lo scudetto le gare tra le pretendenti al titolo dovrebbero disputarsi in contemporanea. &#8220;E&#8217; un campionato che ogni [&hellip;]<\/p>\n","protected":false},"author":18,"featured_media":104098,"comment_status":"closed","ping_status":"closed","sticky":false,"template":"","format":"standard","meta":{"ub_ctt_via":"","_mi_skip_tracking":false},"categories":[10,446,9],"tags":[783],"featured_image_src":"https:\/\/www.messinaoggi.it\/website\/wp-content\/uploads\/2022\/04\/20220411_0165.jpg","author_info":{"display_name":"Admin","author_link":"https:\/\/www.messinaoggi.it\/website\/author\/admin\/"},"digistream_id":0,"digistream":false,"_links":{"self":[{"href":"https:\/\/www.messinaoggi.it\/website\/wp-json\/wp\/v2\/posts\/104097"}],"collection":[{"href":"https:\/\/www.messinaoggi.it\/website\/wp-json\/wp\/v2\/posts"}],"about":[{"href":"https:\/\/www.messinaoggi.it\/website\/wp-json\/wp\/v2\/types\/post"}],"author":[{"embeddable":true,"href":"https:\/\/www.messinaoggi.it\/website\/wp-json\/wp\/v2\/users\/18"}],"replies":[{"embeddable":true,"href":"https:\/\/www.messinaoggi.it\/website\/wp-json\/wp\/v2\/comments?post=104097"}],"version-history":[{"count":1,"href":"https:\/\/www.messinaoggi.it\/website\/wp-json\/wp\/v2\/posts\/104097\/revisions"}],"predecessor-version":[{"id":104100,"href":"https:\/\/www.messinaoggi.it\/website\/wp-json\/wp\/v2\/posts\/104097\/revisions\/104100"}],"wp:featuredmedia":[{"embeddable":true,"href":"https:\/\/www.messinaoggi.it\/website\/wp-json\/wp\/v2\/media\/104098"}],"wp:attachment":[{"href":"https:\/\/www.messinaoggi.it\/website\/wp-json\/wp\/v2\/media?parent=104097"}],"wp:term":[{"taxonomy":"category","embeddable":true,"href":"https:\/\/www.messinaoggi.it\/website\/wp-json\/wp\/v2\/categories?post=104097"},{"taxonomy":"post_tag","embeddable":true,"href":"https:\/\/www.messinaoggi.it\/website\/wp-json\/wp\/v2\/tags?post=104097"}],"curies":[{"name":"wp","href":"https:\/\/api.w.org\/{rel}","templated":true}]}}