{"id":103942,"date":"2022-04-09T09:50:50","date_gmt":"2022-04-09T07:50:50","guid":{"rendered":"http:\/\/www.messinaoggi.it\/website\/?p=103942"},"modified":"2022-04-09T09:55:43","modified_gmt":"2022-04-09T07:55:43","slug":"fdi-verso-la-convergenza-su-croce","status":"publish","type":"post","link":"https:\/\/www.messinaoggi.it\/website\/2022\/04\/09\/fdi-verso-la-convergenza-su-croce\/","title":{"rendered":"FdI verso la convergenza su Croce"},"content":{"rendered":"\n<p>L\u2019annuncio sar\u00e0 dato marted\u00ec, ma gi\u00e0 \u00e8 stato notificato informalmente agli alleati di centrodestra. FdI converge sul nome di Maurizio Croce alla candidatura di sindaco di Messina. <br>La decisione \u00e8 stata presa ieri a Catania da Larussa e Donzelli, spediti in Sicilia per dipanare le matasse delle amministrative di Messina e Palermo. Inutile proseguire con il braccio di ferro a Messina anche perch\u00e9 FdI correva il rischio di una pericolosa emorragia. Alcuni possibili candidati avevano manifestato la volont\u00e0 di lasciare il partito della Meloni. La mossa di FdI ha avuto l\u2019effetto di rinnovare l\u2018entusiasmo dei candidati. FdI schierer\u00e0 due donne candidate alle scorse amministrative con le liste di De Luca, una di queste \u00e8 Giovanna Pant\u00f3, corteggiata da diversi partiti, l\u2019altra \u00e8 Helga Corrao, espressione dell\u2019ex assessore deluchiano Pippo Scattareggia. Poi c\u2019\u00e8 la \u201cportaerei\u201d Libero Gioveni e la \u201cpromessa\u201d Salvatore Ragno, il quale pu\u00f2 contare sulla famiglia, ma soprattutto sui giovani che fanno riferimento alla componente di Alberto De Luca, presidente uscente e riconfermato della IV Circoscrizione. Insomma, FdI presenta una lista competitiva.<div id=\"div-gpt-ad-Messinaoggi.it-DSK-300x250-corpoart\" style=\"text-align:center;margin:0 auto;\"><\/div><\/p>\n\n\n\n<p><strong>Incognita Lega<\/strong><div id=\"videoincontent\" style=\"clear:both\";><\/div><\/p>\n\n\n\n<p>La Lega, oggi Prima l\u2019Italia, non ha ancora deciso se convergere su Croce, l\u2019ultima parola \u00e8 di  Matteo Salvini cui spetta anche il compito di rasserenare il proprio ambiente a Messina, caratterizzato da un eccessivo protagonismo della componente Catalfamo che a Messina, vale lo \u201czero virgola periodico\u201d in termini di consensi. La nomina del nuovo coordinatore provinciale ha fatto \u201csbarellare\u201d il deputato regionale di Barcellona Pozzo di Gotto, tenuto conto che Daniela Bruno \u00e8 stata indicata da German\u00e0. La lotta \u00e8 interna e vale un seggio per due all\u2019Ars. Alle ultime regionali German\u00e0 ha preso pi\u00f9 del doppio dei voti di Catalfamo e questo non gli fa dormire sonni tranquilli. <br>Dalla Lega comunque escludono un appoggio al candidato di Cateno De Luca e nella peggiore delle ipotesi, qualora non dovesse esserci convergenza su Croce, la Lega correr\u00e0 da sola con un candidato di bandiera.<\/p>\n","protected":false},"excerpt":{"rendered":"<p>L\u2019annuncio sar\u00e0 dato marted\u00ec, ma gi\u00e0 \u00e8 stato notificato informalmente agli alleati di centrodestra. FdI converge sul nome di Maurizio Croce alla candidatura di sindaco di Messina. La decisione \u00e8 stata presa ieri a Catania da Larussa e Donzelli, spediti in Sicilia per dipanare le matasse delle amministrative di Messina e Palermo. Inutile proseguire con [&hellip;]<\/p>\n","protected":false},"author":2,"featured_media":99945,"comment_status":"open","ping_status":"open","sticky":false,"template":"","format":"standard","meta":{"ub_ctt_via":"","_mi_skip_tracking":false},"categories":[19],"tags":[4012,1526,602],"featured_image_src":"https:\/\/www.messinaoggi.it\/website\/wp-content\/uploads\/2022\/03\/Maurizio-Croce.jpg","author_info":{"display_name":"Redazione","author_link":"https:\/\/www.messinaoggi.it\/website\/author\/redazione\/"},"digistream_id":0,"digistream":false,"_links":{"self":[{"href":"https:\/\/www.messinaoggi.it\/website\/wp-json\/wp\/v2\/posts\/103942"}],"collection":[{"href":"https:\/\/www.messinaoggi.it\/website\/wp-json\/wp\/v2\/posts"}],"about":[{"href":"https:\/\/www.messinaoggi.it\/website\/wp-json\/wp\/v2\/types\/post"}],"author":[{"embeddable":true,"href":"https:\/\/www.messinaoggi.it\/website\/wp-json\/wp\/v2\/users\/2"}],"replies":[{"embeddable":true,"href":"https:\/\/www.messinaoggi.it\/website\/wp-json\/wp\/v2\/comments?post=103942"}],"version-history":[{"count":2,"href":"https:\/\/www.messinaoggi.it\/website\/wp-json\/wp\/v2\/posts\/103942\/revisions"}],"predecessor-version":[{"id":103945,"href":"https:\/\/www.messinaoggi.it\/website\/wp-json\/wp\/v2\/posts\/103942\/revisions\/103945"}],"wp:featuredmedia":[{"embeddable":true,"href":"https:\/\/www.messinaoggi.it\/website\/wp-json\/wp\/v2\/media\/99945"}],"wp:attachment":[{"href":"https:\/\/www.messinaoggi.it\/website\/wp-json\/wp\/v2\/media?parent=103942"}],"wp:term":[{"taxonomy":"category","embeddable":true,"href":"https:\/\/www.messinaoggi.it\/website\/wp-json\/wp\/v2\/categories?post=103942"},{"taxonomy":"post_tag","embeddable":true,"href":"https:\/\/www.messinaoggi.it\/website\/wp-json\/wp\/v2\/tags?post=103942"}],"curies":[{"name":"wp","href":"https:\/\/api.w.org\/{rel}","templated":true}]}}