{"id":10390,"date":"2017-10-26T12:15:48","date_gmt":"2017-10-26T10:15:48","guid":{"rendered":"http:\/\/www.messinaoggi.it\/website\/?p=10390"},"modified":"2017-10-26T12:15:48","modified_gmt":"2017-10-26T10:15:48","slug":"una-firma-per-proteggere-la-tua-pensione-e-i-tuoi-diritti-la-flaicgil-scende-in-piazza","status":"publish","type":"post","link":"https:\/\/www.messinaoggi.it\/website\/2017\/10\/26\/una-firma-per-proteggere-la-tua-pensione-e-i-tuoi-diritti-la-flaicgil-scende-in-piazza\/","title":{"rendered":"Una firma per proteggere la tua pensione e i tuoi diritti, la Flai\/Cgil scende in piazza"},"content":{"rendered":"<p>Domani in piazza Lo Sardo, dalle 10 alle 17,\u00a0sar\u00e0 presente il camper della Flai-Cgil per la raccolta di firme nell\u2019ambito della campagna sui temi della previdenza e dei diritti dei lavoratori del comparto dell\u2019agroindustria.<br \/>\n\u201cUna firma per proteggere la tua pensione e i tuoi diritti\u201d, con questo slogan la Flai-Cgil ha lanciato l\u2019iniziativa che va a sostegno della piattaforma nazionale su pensioni e previdenza, \u201cRiformare le pensioni, dare lavoro ai giovani\u201d, con richieste specifiche della categoria. Sono tre i punti nodali al centro delle richieste del sindacato della Cgil che rappresenta i lavoratori forestali e dell\u2019agricoltura: modifica della legge Fornero, revisione della Legge 335 del 1995, possibilit\u00e0 di accedere all\u2019Ape per lavoratori del settore che ne sono esclusi.<br \/>\n\u201cPer molti lavoratori e lavoratrici del nostro settore la pensione potrebbe arrivare all\u2019et\u00e0 di 70 anni, per questo \u2013\u00a0 evidenzia il segretario generale della Flai-Cgil di Messina, Nuccio Massimino\u00a0 \u00a0 chiediamo la modifica della Legge 214 del 2011, per favorire una maggiore flessibilit\u00e0 in usc ta all\u2019interno del sistema contributivo.<br \/>\nA seguito delle regole introdotte dalla Legge 335 del 1995 (calcolo pensionistico con sistema contributivo), molti lavoratori dell\u2019intero settore agroalimentare, causa la forte discontinuit\u00e0 e stagionalit\u00e0 lavorativa, redditi bassi e precariet\u00e0, avranno difficolt\u00e0 a maturare i requisiti per la pensione\u201d.<br \/>\n<strong>Il flop dell&#8217;Ape social<\/strong>. In merito all\u2019Ape, la Flai-Cgil mette in evidenza gravi criticit\u00e0: i lavoratori agricoli, i lavoratori addetti alle carni, i lavoratori che svolgono attivit\u00e0 in ambienti a temperatura particolarmente bassa o particolarmente elevata e i lavoratori della pesca sono stati inspiegabilmente esclusi dall\u2019Ape sociale e dalla pensione anticipata per i lavoratori precoci, infatti non sono inseriti nell\u2019elenco di chi svolge lavori gravosi.<br \/>\nLa Flai chiede che anche per loro ci sia la possibilit\u00e0 di accedere all\u2019Ape sociale e alla pensione anticipata per i lavoratori precoci.<div id=\"div-gpt-ad-Messinaoggi.it-DSK-300x250-corpoart\" style=\"text-align:center;margin:0 auto;\"><\/div><\/p>\n<div id=\"videoincontent\" style=\"clear:both\";><\/div>","protected":false},"excerpt":{"rendered":"<p>Domani in piazza Lo Sardo, dalle 10 alle 17,\u00a0sar\u00e0 presente il camper della Flai-Cgil per la raccolta di firme nell\u2019ambito della campagna sui temi della previdenza e dei diritti dei lavoratori del comparto dell\u2019agroindustria. \u201cUna firma per proteggere la tua pensione e i tuoi diritti\u201d, con questo slogan la Flai-Cgil ha lanciato l\u2019iniziativa che va [&hellip;]<\/p>\n","protected":false},"author":2,"featured_media":10391,"comment_status":"closed","ping_status":"open","sticky":false,"template":"","format":"standard","meta":{"ub_ctt_via":"","_mi_skip_tracking":false},"categories":[5],"tags":[],"featured_image_src":"https:\/\/www.messinaoggi.it\/website\/wp-content\/uploads\/2017\/10\/bandiera-cgil.jpg","author_info":{"display_name":"Redazione","author_link":"https:\/\/www.messinaoggi.it\/website\/author\/redazione\/"},"digistream_id":0,"digistream":false,"_links":{"self":[{"href":"https:\/\/www.messinaoggi.it\/website\/wp-json\/wp\/v2\/posts\/10390"}],"collection":[{"href":"https:\/\/www.messinaoggi.it\/website\/wp-json\/wp\/v2\/posts"}],"about":[{"href":"https:\/\/www.messinaoggi.it\/website\/wp-json\/wp\/v2\/types\/post"}],"author":[{"embeddable":true,"href":"https:\/\/www.messinaoggi.it\/website\/wp-json\/wp\/v2\/users\/2"}],"replies":[{"embeddable":true,"href":"https:\/\/www.messinaoggi.it\/website\/wp-json\/wp\/v2\/comments?post=10390"}],"version-history":[{"count":0,"href":"https:\/\/www.messinaoggi.it\/website\/wp-json\/wp\/v2\/posts\/10390\/revisions"}],"wp:featuredmedia":[{"embeddable":true,"href":"https:\/\/www.messinaoggi.it\/website\/wp-json\/wp\/v2\/media\/10391"}],"wp:attachment":[{"href":"https:\/\/www.messinaoggi.it\/website\/wp-json\/wp\/v2\/media?parent=10390"}],"wp:term":[{"taxonomy":"category","embeddable":true,"href":"https:\/\/www.messinaoggi.it\/website\/wp-json\/wp\/v2\/categories?post=10390"},{"taxonomy":"post_tag","embeddable":true,"href":"https:\/\/www.messinaoggi.it\/website\/wp-json\/wp\/v2\/tags?post=10390"}],"curies":[{"name":"wp","href":"https:\/\/api.w.org\/{rel}","templated":true}]}}