{"id":10386,"date":"2017-10-26T11:39:00","date_gmt":"2017-10-26T09:39:00","guid":{"rendered":"http:\/\/www.messinaoggi.it\/website\/?p=10386"},"modified":"2017-10-26T11:39:00","modified_gmt":"2017-10-26T09:39:00","slug":"armao-piu-lavoro-e-incentivi-alle-imprese","status":"publish","type":"post","link":"https:\/\/www.messinaoggi.it\/website\/2017\/10\/26\/armao-piu-lavoro-e-incentivi-alle-imprese\/","title":{"rendered":"Armao: &quot;Pi\u00f9 lavoro e incentivi alle imprese&quot;"},"content":{"rendered":"<p style=\"text-align: justify\"><strong>Gaetano Armao<\/strong> il candidato alla presidenza della regione siciliana punta tutto sull&#8217;occupazione e il benessere economico dei cittadini. Partire dalla stabilit\u00e0 economica pu\u00f2 ridare speranza e certezza alle famiglie per il loro futuro, avvertito ormai come precario e fragile, privo di sicurezze.<div id=\"div-gpt-ad-Messinaoggi.it-DSK-300x250-corpoart\" style=\"text-align:center;margin:0 auto;\"><\/div><\/p>\n<p style=\"text-align: justify\">&#8220;Si possono coniugare uguaglianza e pari opportunit\u00e0 con l&#8217;economia di mercato per tornare ad essere una terra dove si pu\u00f2 nascere, studiare, lavorare, far famiglia ed invecchiare serenamente&#8221;. Cos\u00ec il leader del movimento dei SicilianIndignati e vicepresidente dedignato della regione siciliana del centrodestra, intende ricostruire la Sicilia.<div id=\"videoincontent\" style=\"clear:both\";><\/div><\/p>\n<p style=\"text-align: justify\">&#8220;In tal senso &#8211; ha aggiunto Armao &#8211; intendiamo sostenere l\u2019impresa quale fattore di crescita e di progresso per la Sicilia. Solo l\u2019impresa, infatti, pu\u00f2 offrire &#8216;lavoro vero&#8217; ed assicurare valore aggiunto ed innovazione. Compito dell\u2019amministrazione regionale non \u00e8 dare lavoro, troppo spesso manifestatosi precario, ma favorire la nascita e lo sviluppo d\u2019imprese: eliminando pastoie burocratiche, riducendo l\u2019eccessiva tassazione, garantendo sicurezza e legalit\u00e0, favorendo ricerca ed esportazione. Per attrarre investimenti &#8211; ha spiegato Armao &#8211; occorre puntare, utilizzando le prerogative autonomistiche e rinegoziando gli accordi con lo Stato, sulla fiscalit\u00e0 di svilupp e sulle zone economiche speciali, avendo riguardo anche dalle aree interne e montane&#8221;.<\/p>\n<p style=\"text-align: justify\">&#8220;Occorre restituire centralit\u00e0 a capacit\u00e0 imprenditoriale ed iniziativa privata, al volontariato e alla famiglia &#8211; ha continuato il leader dei SicilianIndignati &#8211; e puntare su start-up, incubatori e reti d\u2019impresa, &#8216;made in Sicily&#8217;, cooperazione, innovazione, sostegno finanziario&#8221;.<br \/>\nArmao ha, poi, spiegato che &#8220;si pu\u00f2 ridurre la tassazione sulle pensioni inferiori a 1000\u20ac mensili e detassare quelle di coloro che trasferiscono in Sicilia la residenza per dieci anni. E poi corre procedere all\u2019eliminazione del bollo &#8216;prima auto&#8217; perch\u00e9 si tratta di un bene essenziale per la vita delle famiglie e per recarsi al lavoro ed \u00e8 gi\u00e0 tassato all\u2019acquisto, come pure \u00e8 sottoposto ad oneri per l\u2019utilizzo&#8221;.<\/p>\n","protected":false},"excerpt":{"rendered":"<p>Gaetano Armao il candidato alla presidenza della regione siciliana punta tutto sull&#8217;occupazione e il benessere economico dei cittadini. Partire dalla stabilit\u00e0 economica pu\u00f2 ridare speranza e certezza alle famiglie per il loro futuro, avvertito ormai come precario e fragile, privo di sicurezze. &#8220;Si possono coniugare uguaglianza e pari opportunit\u00e0 con l&#8217;economia di mercato per tornare [&hellip;]<\/p>\n","protected":false},"author":8,"featured_media":10388,"comment_status":"closed","ping_status":"open","sticky":false,"template":"","format":"standard","meta":{"ub_ctt_via":"","_mi_skip_tracking":false},"categories":[4],"tags":[],"featured_image_src":"https:\/\/www.messinaoggi.it\/website\/wp-content\/uploads\/2017\/10\/Armao-1.jpg","author_info":{"display_name":"red..me","author_link":"https:\/\/www.messinaoggi.it\/website\/author\/redstage\/"},"digistream_id":0,"digistream":false,"_links":{"self":[{"href":"https:\/\/www.messinaoggi.it\/website\/wp-json\/wp\/v2\/posts\/10386"}],"collection":[{"href":"https:\/\/www.messinaoggi.it\/website\/wp-json\/wp\/v2\/posts"}],"about":[{"href":"https:\/\/www.messinaoggi.it\/website\/wp-json\/wp\/v2\/types\/post"}],"author":[{"embeddable":true,"href":"https:\/\/www.messinaoggi.it\/website\/wp-json\/wp\/v2\/users\/8"}],"replies":[{"embeddable":true,"href":"https:\/\/www.messinaoggi.it\/website\/wp-json\/wp\/v2\/comments?post=10386"}],"version-history":[{"count":0,"href":"https:\/\/www.messinaoggi.it\/website\/wp-json\/wp\/v2\/posts\/10386\/revisions"}],"wp:featuredmedia":[{"embeddable":true,"href":"https:\/\/www.messinaoggi.it\/website\/wp-json\/wp\/v2\/media\/10388"}],"wp:attachment":[{"href":"https:\/\/www.messinaoggi.it\/website\/wp-json\/wp\/v2\/media?parent=10386"}],"wp:term":[{"taxonomy":"category","embeddable":true,"href":"https:\/\/www.messinaoggi.it\/website\/wp-json\/wp\/v2\/categories?post=10386"},{"taxonomy":"post_tag","embeddable":true,"href":"https:\/\/www.messinaoggi.it\/website\/wp-json\/wp\/v2\/tags?post=10386"}],"curies":[{"name":"wp","href":"https:\/\/api.w.org\/{rel}","templated":true}]}}