{"id":103670,"date":"2022-04-07T14:17:36","date_gmt":"2022-04-07T12:17:36","guid":{"rendered":"https:\/\/www.messinaoggi.it\/website\/2022\/04\/07\/sicilia-en-primeur-i-vini-di-qualita-a-erice-dal-27-aprile-all1-maggio\/"},"modified":"2022-04-07T14:17:36","modified_gmt":"2022-04-07T12:17:36","slug":"sicilia-en-primeur-i-vini-di-qualita-a-erice-dal-27-aprile-all1-maggio","status":"publish","type":"post","link":"https:\/\/www.messinaoggi.it\/website\/2022\/04\/07\/sicilia-en-primeur-i-vini-di-qualita-a-erice-dal-27-aprile-all1-maggio\/","title":{"rendered":"\u201cSicilia en Primeur\u201d, i vini di qualit\u00e0 a Erice dal 27 aprile all\u20191 maggio"},"content":{"rendered":"<div>\n<p>PALERMO (ITALPRESS) \u2013 Sicilia en Primeur torna in presenza e lo fa in grande stile. L\u2019annuale anteprima dei vini siciliani organizzata da Assovini Sicilia si terr\u00e0 quest\u2019anno a Erice, dal 27 aprile all\u20191 maggio, dopo un\u2019edizione virtuale e una annullata per gli effetti della pandemia. L\u2019edizione del 2022 \u00e8 stata presentata a Palermo nell\u2019ambito di un evento promosso da Unicredit e sono stati svelati i dettagli e le novit\u00e0 di uno degli appuntamenti pi\u00f9 significativi a livello regionale e non solo del settore. Il tema scelto per questo ritorno \u00e8 \u201cBack to the roots\u201d, una Sicilia che vive il futuro e che catalizzer\u00e0 al centro Majorana della cittadina in provincia di Trapani l\u2019attenzione di esperti di vino, Master of Wine, influencer e associazioni vinicole, con la presenza di 55 giornalisti italiani e stranieri. <br \/>\u201cFinalmente ci vediamo in presenza, questo ci voleva \u2013 ha commentato Laurent de la Gatinais, presidente di Assovini Sicilia \u2013 Sicilia en Primeur ritorna, lo fa con un tema che mi piace molto, \u2018Back to the roots\u2019, ritorniamo a scoprire cosa \u00e8 essenziale per poter guardare al futuro. E\u2019 la Sicilia che vive il futuro, con grande attenzione a tradizione e ambiente. E quale posto migliore per parlare di storia e innovazione quale Erice, al centro Majorana. Il tema \u2013 ha aggiunto \u2013 \u00e8 capire come la Sicilia pu\u00f2 affrontare i cambiamenti climatici e quali sono le sfide nella sostenibilit\u00e0, la citt\u00e0 medievale diventa citt\u00e0 del futuro, sostenitrice di valori in linea con rispetto dell\u2019ambiente, innovazione scientifica e low impact\u201d. <br \/>La kermesse, che dal 2004 rende protagonista la produzione vinicola siciliana, arriva pochi giorni dopo rispetto al Vinitaly di Verona e si conferma come l\u2019appuntamento pi\u00f9 importante per il vino siciliano, la cui produzione ed esportazione, stando agli ultimi dati, \u00e8 aumentata sensibilmente, collocando la regione ai primi posti delle classifiche su scala nazionale. <br \/>\u201cAbbiamo ben iniziato il 2022, la Sicilia sta andando bene sui mercati. C\u2019\u00e8 ora un clima di totale incertezza a causa della guerra, ma lo affrontiamo da una posizione di forza \u2013 ha spiegato Antonio Rallo, presidente del Consorzio Vini DOC Sicilia, che compie dieci anni dalla fondazione \u2013 Il nostro obiettivo \u00e8 quello di incrementare il numero delle bottiglie, a lungo termine di dare l\u2019opportunit\u00e0 ai nostri viticoltori di apportare migliorie a livello qualitativo\u201d. Al fianco di Assovini per l\u2019organizzazione di Sicilia en Primeur ancora una volta c\u2019\u00e8 Unicredit, partner della kermesse dal 2017: \u201cL\u2019iniziativa di oggi rientra nel pi\u00f9 ampio impegno di Unicredit per il mondo del vino italiano \u2013 ha dichiarato il responsabile regionale di Unicredit, Salvatore Malandrino \u2013 La banca ha infatti avviato un progetto che si concretizzer\u00e0 in un evento finale il prossimo 10 aprile al Vinitaly, manifestazione a cui Unicredit ha confermato il proprio sostegno\u201d. <br \/>L\u2019iniziativa si inserisce nel solco delle attivit\u00e0 promosse dal Governo regionale nei confronti dell\u2019agroalimentare e in particolare del settore vinicolo, come ha sottolineato l\u2019assessore all\u2019agricoltura, Toni Scilla, presente alla conferenza stampa: \u201cE\u2019 una bellissima iniziativa, la Sicilia deve recitare un ruolo di primo piano e lo sta facendo. Ci sono tutte le condizioni per poter essere leader nel settore e bisogna attivare le iniziative per supportare le imprese. Al Vinitaly la Sicilia ci sar\u00e0 \u2013 ha ricordato Scilla \u2013 \u00e8 la vetrina pi\u00f9 importante e ribadiremo l\u2019unit\u00e0 di intenti che esiste tra chi produce il vino e chi governa il territorio\u201d.<br \/>(ITALPRESS).<div id=\"div-gpt-ad-Messinaoggi.it-DSK-300x250-corpoart\" style=\"text-align:center;margin:0 auto;\"><\/div><\/p>\n<\/div>\n<div id=\"videoincontent\" style=\"clear:both\";><\/div>","protected":false},"excerpt":{"rendered":"<p>PALERMO (ITALPRESS) \u2013 Sicilia en Primeur torna in presenza e lo fa in grande stile. L\u2019annuale anteprima dei vini siciliani organizzata da Assovini Sicilia si terr\u00e0 quest\u2019anno a Erice, dal 27 aprile all\u20191 maggio, dopo un\u2019edizione virtuale e una annullata per gli effetti della pandemia. L\u2019edizione del 2022 \u00e8 stata presentata a Palermo nell\u2019ambito di [&hellip;]<\/p>\n","protected":false},"author":18,"featured_media":103671,"comment_status":"closed","ping_status":"closed","sticky":false,"template":"","format":"standard","meta":{"ub_ctt_via":"","_mi_skip_tracking":false},"categories":[2449],"tags":[783],"featured_image_src":"https:\/\/www.messinaoggi.it\/website\/wp-content\/uploads\/2022\/04\/20220407_0856.jpg","author_info":{"display_name":"Admin","author_link":"https:\/\/www.messinaoggi.it\/website\/author\/admin\/"},"digistream_id":0,"digistream":false,"_links":{"self":[{"href":"https:\/\/www.messinaoggi.it\/website\/wp-json\/wp\/v2\/posts\/103670"}],"collection":[{"href":"https:\/\/www.messinaoggi.it\/website\/wp-json\/wp\/v2\/posts"}],"about":[{"href":"https:\/\/www.messinaoggi.it\/website\/wp-json\/wp\/v2\/types\/post"}],"author":[{"embeddable":true,"href":"https:\/\/www.messinaoggi.it\/website\/wp-json\/wp\/v2\/users\/18"}],"replies":[{"embeddable":true,"href":"https:\/\/www.messinaoggi.it\/website\/wp-json\/wp\/v2\/comments?post=103670"}],"version-history":[{"count":0,"href":"https:\/\/www.messinaoggi.it\/website\/wp-json\/wp\/v2\/posts\/103670\/revisions"}],"wp:featuredmedia":[{"embeddable":true,"href":"https:\/\/www.messinaoggi.it\/website\/wp-json\/wp\/v2\/media\/103671"}],"wp:attachment":[{"href":"https:\/\/www.messinaoggi.it\/website\/wp-json\/wp\/v2\/media?parent=103670"}],"wp:term":[{"taxonomy":"category","embeddable":true,"href":"https:\/\/www.messinaoggi.it\/website\/wp-json\/wp\/v2\/categories?post=103670"},{"taxonomy":"post_tag","embeddable":true,"href":"https:\/\/www.messinaoggi.it\/website\/wp-json\/wp\/v2\/tags?post=103670"}],"curies":[{"name":"wp","href":"https:\/\/api.w.org\/{rel}","templated":true}]}}