{"id":103666,"date":"2022-04-07T14:07:35","date_gmt":"2022-04-07T12:07:35","guid":{"rendered":"https:\/\/www.messinaoggi.it\/website\/2022\/04\/07\/ucraina-amato-preoccupa-la-tenuta-degli-ordinamenti-ue\/"},"modified":"2022-04-07T14:07:35","modified_gmt":"2022-04-07T12:07:35","slug":"ucraina-amato-preoccupa-la-tenuta-degli-ordinamenti-ue","status":"publish","type":"post","link":"https:\/\/www.messinaoggi.it\/website\/2022\/04\/07\/ucraina-amato-preoccupa-la-tenuta-degli-ordinamenti-ue\/","title":{"rendered":"Ucraina, Amato \u201cPreoccupa la tenuta degli ordinamenti Ue\u201d"},"content":{"rendered":"<div>ROMA (ITALPRESS) &#8211; &#8220;La situazione generale intorno a noi comporta tante tragiche conseguenze e getta non poche preoccupazioni sull&#8217;avvenire, anche per la tenuta degli ordinamenti costituzionali europei. Le ripercussioni della guerra in Ucraina investono anche le sedi e le forme di collaborazione fra le Corti, basta pensare all&#8217;uscita della Federazione russa dal consiglio d&#8217;Europa e alle possibili conseguenze sulla partecipazione della Corte russa alle sedi rappresentative delle stesse Corti. In questa situazione \u00e8 di particolare importanza mantenere salda la collaborazione reciproca delle Corti appartenenti all&#8217;Unione europea&#8221;. Cos\u00ec Giuliano Amato, presidente della Corte Costituzionale, durante la relazione annuale sul lavoro della Consulta nel 2021. <br \/>Con riferimento al Trattato europeo, Amato poi precisa: &#8220;L&#8217;articolo 4 viene dopo l&#8217;articolo 2, che enuncia i nostri principi e valori comuni: rispetto della dignit\u00e0, libert\u00e0, democrazia, uguaglianza, stato di diritto, rispetto dei diritti umani e delle minoranze; valori comuni a &#8216;una societ\u00e0 caratterizzata dal pluralismo, dalla non discriminazione, dalla tolleranza, dalla giustizia, dalla solidariet\u00e0 e dalla parit\u00e0 tra donne e uomin\u00ec. E&#8217; sull&#8217;equilibrio fra tutela delle identit\u00e0 nazionali e rispetto dei valori comuni che si regge l&#8217;unit\u00e0 nelle diversit\u00e0 della nostra Unione&#8221;.<br \/>(ITALPRESS).<\/div>\n<div id=\"div-gpt-ad-Messinaoggi.it-DSK-300x250-corpoart\" style=\"text-align:center;margin:0 auto;\"><\/div><\/p><div id=\"videoincontent\" style=\"clear:both\";><\/div>","protected":false},"excerpt":{"rendered":"<p>ROMA (ITALPRESS) &#8211; &#8220;La situazione generale intorno a noi comporta tante tragiche conseguenze e getta non poche preoccupazioni sull&#8217;avvenire, anche per la tenuta degli ordinamenti costituzionali europei. Le ripercussioni della guerra in Ucraina investono anche le sedi e le forme di collaborazione fra le Corti, basta pensare all&#8217;uscita della Federazione russa dal consiglio d&#8217;Europa e [&hellip;]<\/p>\n","protected":false},"author":18,"featured_media":103667,"comment_status":"closed","ping_status":"closed","sticky":false,"template":"","format":"standard","meta":{"ub_ctt_via":"","_mi_skip_tracking":false},"categories":[446],"tags":[783],"featured_image_src":"https:\/\/www.messinaoggi.it\/website\/wp-content\/uploads\/2022\/04\/20220407_0726.jpg","author_info":{"display_name":"Admin","author_link":"https:\/\/www.messinaoggi.it\/website\/author\/admin\/"},"digistream_id":0,"digistream":false,"_links":{"self":[{"href":"https:\/\/www.messinaoggi.it\/website\/wp-json\/wp\/v2\/posts\/103666"}],"collection":[{"href":"https:\/\/www.messinaoggi.it\/website\/wp-json\/wp\/v2\/posts"}],"about":[{"href":"https:\/\/www.messinaoggi.it\/website\/wp-json\/wp\/v2\/types\/post"}],"author":[{"embeddable":true,"href":"https:\/\/www.messinaoggi.it\/website\/wp-json\/wp\/v2\/users\/18"}],"replies":[{"embeddable":true,"href":"https:\/\/www.messinaoggi.it\/website\/wp-json\/wp\/v2\/comments?post=103666"}],"version-history":[{"count":0,"href":"https:\/\/www.messinaoggi.it\/website\/wp-json\/wp\/v2\/posts\/103666\/revisions"}],"wp:featuredmedia":[{"embeddable":true,"href":"https:\/\/www.messinaoggi.it\/website\/wp-json\/wp\/v2\/media\/103667"}],"wp:attachment":[{"href":"https:\/\/www.messinaoggi.it\/website\/wp-json\/wp\/v2\/media?parent=103666"}],"wp:term":[{"taxonomy":"category","embeddable":true,"href":"https:\/\/www.messinaoggi.it\/website\/wp-json\/wp\/v2\/categories?post=103666"},{"taxonomy":"post_tag","embeddable":true,"href":"https:\/\/www.messinaoggi.it\/website\/wp-json\/wp\/v2\/tags?post=103666"}],"curies":[{"name":"wp","href":"https:\/\/api.w.org\/{rel}","templated":true}]}}