{"id":103662,"date":"2022-04-07T13:07:32","date_gmt":"2022-04-07T11:07:32","guid":{"rendered":"https:\/\/www.messinaoggi.it\/website\/2022\/04\/07\/covid-sileri-si-arrivera-a-eliminazione-del-green-pass\/"},"modified":"2022-04-07T13:07:32","modified_gmt":"2022-04-07T11:07:32","slug":"covid-sileri-si-arrivera-a-eliminazione-del-green-pass","status":"publish","type":"post","link":"https:\/\/www.messinaoggi.it\/website\/2022\/04\/07\/covid-sileri-si-arrivera-a-eliminazione-del-green-pass\/","title":{"rendered":"Covid, Sileri \u201cSi arriver\u00e0 a eliminazione del green pass\u201d"},"content":{"rendered":"<div>ROMA (ITALPRESS) &#8211; Il green pass &#8220;\u00e8 stata sicuramente una misura estremamente utile. E&#8217; chiaro che a un certo punto va archiviato, non possiamo vivere per sempre col green pass. Piano piano stiamo eliminando i paletti esistenti e si arriver\u00e0 anche all&#8217;eliminazione del green pass. Invito per\u00f2 a fare la terza dose indipendentemente dal green pass&#8221;. Cos\u00ec Pierpaolo Sileri, sottosegretario alla Salute, intervenuto ai microfoni di Radio Cusano Campus. Sulla vaccinazione dei bambini &#8220;da medico, se ci fosse un vaccino per la fascia sotto i 5 anni io ai miei figli lo farei. E&#8217; sempre meglio che anche i piccoli non si prendano il virus. Esiste un long covid pediatrico, purtroppo ci sono stati bambini in terapia intensiva e anche dei decessi in quella fascia d&#8217;et\u00e0. E&#8217; chiaro &#8211; ha aggiunto &#8211; che sono numeri esigui, per\u00f2 un bambino morto \u00e8 sempre un bambino morto. Per la fascia pediatrica per cui il vaccino esiste l&#8217;invito \u00e8 di vaccinarsi perch\u00e8 questo virus continuer\u00e0 a circolare ed entrer\u00e0 di diritto nei virus che ogni anno possono creare problemi, sperando sempre meno gravi&#8221;.<br \/>(ITALPRESS).<\/div>\n<div id=\"div-gpt-ad-Messinaoggi.it-DSK-300x250-corpoart\" style=\"text-align:center;margin:0 auto;\"><\/div><\/p><div id=\"videoincontent\" style=\"clear:both\";><\/div>","protected":false},"excerpt":{"rendered":"<p>ROMA (ITALPRESS) &#8211; Il green pass &#8220;\u00e8 stata sicuramente una misura estremamente utile. E&#8217; chiaro che a un certo punto va archiviato, non possiamo vivere per sempre col green pass. Piano piano stiamo eliminando i paletti esistenti e si arriver\u00e0 anche all&#8217;eliminazione del green pass. Invito per\u00f2 a fare la terza dose indipendentemente dal green [&hellip;]<\/p>\n","protected":false},"author":18,"featured_media":103663,"comment_status":"closed","ping_status":"closed","sticky":false,"template":"","format":"standard","meta":{"ub_ctt_via":"","_mi_skip_tracking":false},"categories":[446],"tags":[783],"featured_image_src":"https:\/\/www.messinaoggi.it\/website\/wp-content\/uploads\/2022\/04\/20220407_0437.jpg","author_info":{"display_name":"Admin","author_link":"https:\/\/www.messinaoggi.it\/website\/author\/admin\/"},"digistream_id":0,"digistream":false,"_links":{"self":[{"href":"https:\/\/www.messinaoggi.it\/website\/wp-json\/wp\/v2\/posts\/103662"}],"collection":[{"href":"https:\/\/www.messinaoggi.it\/website\/wp-json\/wp\/v2\/posts"}],"about":[{"href":"https:\/\/www.messinaoggi.it\/website\/wp-json\/wp\/v2\/types\/post"}],"author":[{"embeddable":true,"href":"https:\/\/www.messinaoggi.it\/website\/wp-json\/wp\/v2\/users\/18"}],"replies":[{"embeddable":true,"href":"https:\/\/www.messinaoggi.it\/website\/wp-json\/wp\/v2\/comments?post=103662"}],"version-history":[{"count":0,"href":"https:\/\/www.messinaoggi.it\/website\/wp-json\/wp\/v2\/posts\/103662\/revisions"}],"wp:featuredmedia":[{"embeddable":true,"href":"https:\/\/www.messinaoggi.it\/website\/wp-json\/wp\/v2\/media\/103663"}],"wp:attachment":[{"href":"https:\/\/www.messinaoggi.it\/website\/wp-json\/wp\/v2\/media?parent=103662"}],"wp:term":[{"taxonomy":"category","embeddable":true,"href":"https:\/\/www.messinaoggi.it\/website\/wp-json\/wp\/v2\/categories?post=103662"},{"taxonomy":"post_tag","embeddable":true,"href":"https:\/\/www.messinaoggi.it\/website\/wp-json\/wp\/v2\/tags?post=103662"}],"curies":[{"name":"wp","href":"https:\/\/api.w.org\/{rel}","templated":true}]}}