{"id":103607,"date":"2022-04-06T21:17:34","date_gmt":"2022-04-06T19:17:34","guid":{"rendered":"https:\/\/www.messinaoggi.it\/website\/2022\/04\/06\/comunali-il-centrodestra-si-ricompatta-e-a-messina-lancia-croce\/"},"modified":"2022-04-06T21:17:34","modified_gmt":"2022-04-06T19:17:34","slug":"comunali-il-centrodestra-si-ricompatta-e-a-messina-lancia-croce","status":"publish","type":"post","link":"https:\/\/www.messinaoggi.it\/website\/2022\/04\/06\/comunali-il-centrodestra-si-ricompatta-e-a-messina-lancia-croce\/","title":{"rendered":"Comunali, il centrodestra si ricompatta e a Messina lancia Croce"},"content":{"rendered":"<div>\n<p>PALERMO (ITALPRESS) \u2013 Trasuda ottimismo dal centrodestra dopo il vertice romano con i leader della coalizione per decidere la strategia (e i candidati) da schierare a Palermo, Messina e, in prospettiva, anche alla Regione siciliana. Si parte da un mantra che \u00e8 quello dell\u2019unit\u00e0 di coalizione da parte di tutti i partiti. Un solo nome per Messina (il candidato sar\u00e0 Maurizio Croce), ancora nulla per il capoluogo. E mentre a Palermo i candidati del centrosinistra presentano gi\u00e0 le liste (Fabrizio Ferrandelli) e sono pronti ad aprire la campagna (Franco Miceli) nello schieramento avverso ancora non c\u2019\u00e8 un nome. O meglio, ce ne sono cinque. E sono ancora troppi. E rimane deluso chi, al termine della giornata di oggi, si aspettava \u201cil\u201d nome per Palermo, quel Francesco Cascio che a furia di scaldare i motori rischia di rimanere senza benzina prima della partenza\u2026<br \/>Dalle note, per\u00f2 emerge ottimismo. E viene indicata la strada che \u00e8 quella dell\u2019unit\u00e0 di coalizione. \u201cSono molto soddisfatto della riunione di oggi in cui \u00e8 emersa l\u2019assoluta voglia di stare uniti, per non gettare alle ortiche la possibilit\u00e0 palese di vincere le elezioni sia a Palermo che a Messina\u201d, sottolinea il coordinatore regionale di Forza Italia, Gianfranco Miccich\u00e8, al termine della riunione a Roma. E proprio a Messina il centrodestra \u201cha trovato la sintesi sul candidato a sindaco\u201d.<br \/>Stessa linea anche per il centrista Saverio Romano. \u201cNoi con l\u2019Italia ha sempre sostenuto le ragioni di un centrodestra che alle elezioni amministrative, da Palermo a Messina e in tutti i Comuni in cui si vota, proceda in modo unitario, nella consapevolezza dell\u2019importanza dei valori politici che ci accomunano e della condivisione di programmi e azioni di sviluppo del territorio. La giornata politica di oggi segna un punto importante in questa direzione. Lavoriamo per candidature che siano espressione di tutti i partiti che compongono la coalizione, incluso Fratelli d\u2019Itali\u00e0\u201d, spiega il vicepresidente nazionale di Noi con l\u2019Italia e leader del partito in Sicilia. <br \/>\u201cIn Sicilia decideranno i siciliani: siamo impegnati per costruire una coalizione la pi\u00f9 ampia possibile e confermare un centrodestra unito e vincente. Speriamo che nessuno si chiami fuori\u201d, si apprende da fonti della Lega. A Messina, dove da settimane la tela di Penelope del centrodestra \u00e8 stata tessuta e poi disfatta dai due contendenti, il dirigente regionale Maurizio Croce e il parlamentare della Lega Nino German\u00e0, il candidato sar\u00e0 Croce.  <br \/>(ITALPRESS).<div id=\"div-gpt-ad-Messinaoggi.it-DSK-300x250-corpoart\" style=\"text-align:center;margin:0 auto;\"><\/div><\/p>\n<\/div>\n<div id=\"videoincontent\" style=\"clear:both\";><\/div>","protected":false},"excerpt":{"rendered":"<p>PALERMO (ITALPRESS) \u2013 Trasuda ottimismo dal centrodestra dopo il vertice romano con i leader della coalizione per decidere la strategia (e i candidati) da schierare a Palermo, Messina e, in prospettiva, anche alla Regione siciliana. Si parte da un mantra che \u00e8 quello dell\u2019unit\u00e0 di coalizione da parte di tutti i partiti. Un solo nome [&hellip;]<\/p>\n","protected":false},"author":18,"featured_media":103608,"comment_status":"closed","ping_status":"closed","sticky":false,"template":"","format":"standard","meta":{"ub_ctt_via":"","_mi_skip_tracking":false},"categories":[2449],"tags":[783],"featured_image_src":"https:\/\/www.messinaoggi.it\/website\/wp-content\/uploads\/2022\/04\/20220406_2483.jpg","author_info":{"display_name":"Admin","author_link":"https:\/\/www.messinaoggi.it\/website\/author\/admin\/"},"digistream_id":0,"digistream":false,"_links":{"self":[{"href":"https:\/\/www.messinaoggi.it\/website\/wp-json\/wp\/v2\/posts\/103607"}],"collection":[{"href":"https:\/\/www.messinaoggi.it\/website\/wp-json\/wp\/v2\/posts"}],"about":[{"href":"https:\/\/www.messinaoggi.it\/website\/wp-json\/wp\/v2\/types\/post"}],"author":[{"embeddable":true,"href":"https:\/\/www.messinaoggi.it\/website\/wp-json\/wp\/v2\/users\/18"}],"replies":[{"embeddable":true,"href":"https:\/\/www.messinaoggi.it\/website\/wp-json\/wp\/v2\/comments?post=103607"}],"version-history":[{"count":0,"href":"https:\/\/www.messinaoggi.it\/website\/wp-json\/wp\/v2\/posts\/103607\/revisions"}],"wp:featuredmedia":[{"embeddable":true,"href":"https:\/\/www.messinaoggi.it\/website\/wp-json\/wp\/v2\/media\/103608"}],"wp:attachment":[{"href":"https:\/\/www.messinaoggi.it\/website\/wp-json\/wp\/v2\/media?parent=103607"}],"wp:term":[{"taxonomy":"category","embeddable":true,"href":"https:\/\/www.messinaoggi.it\/website\/wp-json\/wp\/v2\/categories?post=103607"},{"taxonomy":"post_tag","embeddable":true,"href":"https:\/\/www.messinaoggi.it\/website\/wp-json\/wp\/v2\/tags?post=103607"}],"curies":[{"name":"wp","href":"https:\/\/api.w.org\/{rel}","templated":true}]}}