{"id":103605,"date":"2022-04-06T21:07:35","date_gmt":"2022-04-06T19:07:35","guid":{"rendered":"https:\/\/www.messinaoggi.it\/website\/2022\/04\/06\/via-libera-del-cdm-al-def-draghi-aiuteremo-famiglie-e-imprese\/"},"modified":"2022-04-06T21:07:35","modified_gmt":"2022-04-06T19:07:35","slug":"via-libera-del-cdm-al-def-draghi-aiuteremo-famiglie-e-imprese","status":"publish","type":"post","link":"https:\/\/www.messinaoggi.it\/website\/2022\/04\/06\/via-libera-del-cdm-al-def-draghi-aiuteremo-famiglie-e-imprese\/","title":{"rendered":"Via libera del Cdm al Def. Draghi \u201cAiuteremo famiglie e imprese\u201d"},"content":{"rendered":"<div>ROMA (ITALPRESS) &#8211; Il Consiglio dei Ministri ha dato il via libera al Documento di Economia e Finanza. &#8220;E&#8217; chiaro &#8211; ha detto il premier Mario Draghi &#8211; che la guerra in Ucraina ha causato un peggioramento delle prospettive di crescita, in particolare i prezzi di energia, materie prime e alimentari e pesa anche il calo di fiducia di cittadini e investitori, \u00e8 diminuita molto da inizio anno quando era molto viva. E&#8217; diminuita non solo per i rincari, ma anche e proprio per la guerra. La prima considerazione \u00e8 che non avviene soltanto da noi, anche se qui \u00e8 avvenuto in maniera significativa. La seconda considerazione \u00e8 che faremo tutto ci\u00f2 che \u00e8 necessario per preservare il potere di acquisto all&#8217;interno di una cornice di equilibro dei conti e di norme europee, la disponibilit\u00e0 del governo c&#8217;\u00e8. Siamo a sostegno delle imprese e delle famiglie&#8221;.<br \/>Il capo del governo non ha nascoso la preoccupazione per i contraccolpi dei combattimenti in Ucraina. &#8220;La guerra -ha detto Draghi- ha causato un peggioramento delle prospettive di crescita&#8221;. Ed ecco perch\u00e8 nello scenario programmatico il governo ha deciso di confermare l&#8217;obiettivo di arrivare per quest&#8217;anno ad un rapporto tra deficit e pil al 5,6%, che scender\u00e0 poi al 3,9% nel 2023 e al 3,3% nel 2024. Il Pil salir\u00e0 del 2,9% quest&#8217;anno e del 2,4% nel 2023 Considerato il calo al 5,1% dell&#8217;indebitamento, l&#8217;esecutivo pu\u00f2 contare su un margine di circa 10 miliardi, pari allo 0,5% del pil per finanziare un nuovo provvedimento di sostegno all&#8217;economia, da finalizzare nel mese di aprile.<br \/>Il nuovo decreto servir\u00e0 prima di tutto a ripristinare, per 4,5 miliardi, i fondi di bilancio temporaneamente destinati a copertura del decreto Energia. I restanti cinque miliardi serviranno invece per ulteriori interventi contro il caro dei carburanti e il costo dell&#8217;energia; per compensare gli aumenti dei prezzi delle opere pubbliche, per l&#8217;incremento dei fondi per le garanzie sul credito e per l&#8217;assistenza ai profughi ucraini, nonch\u00e8 per alleviare l&#8217;impatto economico del conflitto in corso in Ucraina sulle aziende italiane.<br \/>Il ministro dell&#8217;Economia Daniele Franco si \u00e8 dichiarato disponibile a fare di pi\u00f9 utilizzando strumenti condivisi a livello europeo. Assolutamente contrario, invece, a interventi non coordinati. Inoltre, ha fatto notare il responsabile del Mef, il Governo ha speso 15,5md nei mesi scorsi, perch\u00e8 &#8220;questo governo sa muoversi quando necessario&#8221;.<br \/>(ITALPRESS).<\/div>\n<div id=\"div-gpt-ad-Messinaoggi.it-DSK-300x250-corpoart\" style=\"text-align:center;margin:0 auto;\"><\/div><\/p><div id=\"videoincontent\" style=\"clear:both\";><\/div>","protected":false},"excerpt":{"rendered":"<p>ROMA (ITALPRESS) &#8211; Il Consiglio dei Ministri ha dato il via libera al Documento di Economia e Finanza. &#8220;E&#8217; chiaro &#8211; ha detto il premier Mario Draghi &#8211; che la guerra in Ucraina ha causato un peggioramento delle prospettive di crescita, in particolare i prezzi di energia, materie prime e alimentari e pesa anche il [&hellip;]<\/p>\n","protected":false},"author":18,"featured_media":103606,"comment_status":"closed","ping_status":"closed","sticky":false,"template":"","format":"standard","meta":{"ub_ctt_via":"","_mi_skip_tracking":false},"categories":[446],"tags":[783],"featured_image_src":"https:\/\/www.messinaoggi.it\/website\/wp-content\/uploads\/2022\/04\/20220406_2423.jpg","author_info":{"display_name":"Admin","author_link":"https:\/\/www.messinaoggi.it\/website\/author\/admin\/"},"digistream_id":0,"digistream":false,"_links":{"self":[{"href":"https:\/\/www.messinaoggi.it\/website\/wp-json\/wp\/v2\/posts\/103605"}],"collection":[{"href":"https:\/\/www.messinaoggi.it\/website\/wp-json\/wp\/v2\/posts"}],"about":[{"href":"https:\/\/www.messinaoggi.it\/website\/wp-json\/wp\/v2\/types\/post"}],"author":[{"embeddable":true,"href":"https:\/\/www.messinaoggi.it\/website\/wp-json\/wp\/v2\/users\/18"}],"replies":[{"embeddable":true,"href":"https:\/\/www.messinaoggi.it\/website\/wp-json\/wp\/v2\/comments?post=103605"}],"version-history":[{"count":0,"href":"https:\/\/www.messinaoggi.it\/website\/wp-json\/wp\/v2\/posts\/103605\/revisions"}],"wp:featuredmedia":[{"embeddable":true,"href":"https:\/\/www.messinaoggi.it\/website\/wp-json\/wp\/v2\/media\/103606"}],"wp:attachment":[{"href":"https:\/\/www.messinaoggi.it\/website\/wp-json\/wp\/v2\/media?parent=103605"}],"wp:term":[{"taxonomy":"category","embeddable":true,"href":"https:\/\/www.messinaoggi.it\/website\/wp-json\/wp\/v2\/categories?post=103605"},{"taxonomy":"post_tag","embeddable":true,"href":"https:\/\/www.messinaoggi.it\/website\/wp-json\/wp\/v2\/tags?post=103605"}],"curies":[{"name":"wp","href":"https:\/\/api.w.org\/{rel}","templated":true}]}}