{"id":103601,"date":"2022-04-06T21:07:33","date_gmt":"2022-04-06T19:07:33","guid":{"rendered":"https:\/\/www.messinaoggi.it\/website\/2022\/04\/06\/gasperini-fieri-di-rappresentare-litalia-in-europa\/"},"modified":"2022-04-06T21:07:33","modified_gmt":"2022-04-06T19:07:33","slug":"gasperini-fieri-di-rappresentare-litalia-in-europa","status":"publish","type":"post","link":"https:\/\/www.messinaoggi.it\/website\/2022\/04\/06\/gasperini-fieri-di-rappresentare-litalia-in-europa\/","title":{"rendered":"Gasperini \u201cFieri di rappresentare l\u2019Italia in Europa\u201d"},"content":{"rendered":"<div>LIPSIA (GERMANIA) (ITALPRESS) &#8211; &#8220;E&#8217; un grande orgoglio essere per il terzo anno consecutivo l&#8217;unica squadra italiana ad essere andata pi\u00f9 avanti in Europa, quando siamo partiti nelle coppe sembrava che dovevamo giustificare il ranking, ma ci siamo comportati sempre bene, non siamo stati un peso in Europa. Lo avvertiamo come un bello stimolo&#8221;. Lo ha dichiarato l&#8217;allenatore dell&#8217;Atalanta, Gian Piero Gasperini, durante la conferenza alla vigilia del match contro il Lipsia, andata dei quarti di finale di Europa League in programma domani in casa dei tedeschi. &#8220;Il primo obiettivo \u00e8 superare il turno, l&#8217;altro \u00e8 quello di stare dentro l&#8217;Europa, non \u00e8 scontato n\u00e8 facile. L&#8217;Europa League non viene vinta da una squadra italiana dal &#8217;99, non avvertiamo l&#8217;esigenza di doverla vincere, sappiamo che se superiamo il turno sar\u00e0 un grande traguardo, se dovessimo arrivare in semifinale penseremo a quella&#8221;. Anche in campionato ormai l&#8217;Atalanta ha abituato tutti fin troppo bene, a tal punto che per un p\u00f2 si \u00e8 parlato anche di tricolore. &#8220;Per noi l&#8217;obiettivo scudetto era esagerato. Poi ci siamo allontanati dai primi posti, questo ci ha tolto un p\u00f2 d&#8217;attenzione &#8211; spiega -. Col Napoli ho avuto la sensazione di aver fatto un&#8217;ottima gara, una delle migliori, ma non con l&#8217;attenzione di una squadra che ha un obiettivo. Dobbiamo recuperare la concentrazione per raggiungere almeno l&#8217;Europa. Zapata? E&#8217; importante riaverlo con noi, domani partir\u00e0 dalla panchina ma stavolta con grandi possibilit\u00e0 di entrare, \u00e8 arrivato il momento di giocare, finalmente&#8221;. In conferenza stampa anche l&#8217;esterno dell&#8217;Atalanta, Hans Hateboer. &#8220;Abbiamo vinto gi\u00e0 a Liverpool, ad Amsterdam, possiamo vincere anche qui a Lipsia &#8211; dice -. Sar\u00e0 una gara importante, sappiamo qual \u00e8 la qualit\u00e0 del Lipsia e che le squadre tedesche vogliono sempre giocare, sono squadre fisiche. Dobbiamo stare molto attenti, loro sono molto forti in contropiede, lo abbiamo visto anche col Dortmund, dobbiamo difendere bene. A Leverkusen abbiamo concesso troppe ripartenze, meno male che Musso ci ha salvato. Dobbiamo fare attenzione, non ti pu\u00f2 sempre salvare lui&#8221;. <br \/>(ITALPRESS).<\/div>\n<div id=\"div-gpt-ad-Messinaoggi.it-DSK-300x250-corpoart\" style=\"text-align:center;margin:0 auto;\"><\/div><\/p><div id=\"videoincontent\" style=\"clear:both\";><\/div>","protected":false},"excerpt":{"rendered":"<p>LIPSIA (GERMANIA) (ITALPRESS) &#8211; &#8220;E&#8217; un grande orgoglio essere per il terzo anno consecutivo l&#8217;unica squadra italiana ad essere andata pi\u00f9 avanti in Europa, quando siamo partiti nelle coppe sembrava che dovevamo giustificare il ranking, ma ci siamo comportati sempre bene, non siamo stati un peso in Europa. Lo avvertiamo come un bello stimolo&#8221;. Lo [&hellip;]<\/p>\n","protected":false},"author":18,"featured_media":103602,"comment_status":"closed","ping_status":"closed","sticky":false,"template":"","format":"standard","meta":{"ub_ctt_via":"","_mi_skip_tracking":false},"categories":[446],"tags":[783],"featured_image_src":"https:\/\/www.messinaoggi.it\/website\/wp-content\/uploads\/2022\/04\/gasperini_live_220406.jpg","author_info":{"display_name":"Admin","author_link":"https:\/\/www.messinaoggi.it\/website\/author\/admin\/"},"digistream_id":0,"digistream":false,"_links":{"self":[{"href":"https:\/\/www.messinaoggi.it\/website\/wp-json\/wp\/v2\/posts\/103601"}],"collection":[{"href":"https:\/\/www.messinaoggi.it\/website\/wp-json\/wp\/v2\/posts"}],"about":[{"href":"https:\/\/www.messinaoggi.it\/website\/wp-json\/wp\/v2\/types\/post"}],"author":[{"embeddable":true,"href":"https:\/\/www.messinaoggi.it\/website\/wp-json\/wp\/v2\/users\/18"}],"replies":[{"embeddable":true,"href":"https:\/\/www.messinaoggi.it\/website\/wp-json\/wp\/v2\/comments?post=103601"}],"version-history":[{"count":0,"href":"https:\/\/www.messinaoggi.it\/website\/wp-json\/wp\/v2\/posts\/103601\/revisions"}],"wp:featuredmedia":[{"embeddable":true,"href":"https:\/\/www.messinaoggi.it\/website\/wp-json\/wp\/v2\/media\/103602"}],"wp:attachment":[{"href":"https:\/\/www.messinaoggi.it\/website\/wp-json\/wp\/v2\/media?parent=103601"}],"wp:term":[{"taxonomy":"category","embeddable":true,"href":"https:\/\/www.messinaoggi.it\/website\/wp-json\/wp\/v2\/categories?post=103601"},{"taxonomy":"post_tag","embeddable":true,"href":"https:\/\/www.messinaoggi.it\/website\/wp-json\/wp\/v2\/tags?post=103601"}],"curies":[{"name":"wp","href":"https:\/\/api.w.org\/{rel}","templated":true}]}}