{"id":103434,"date":"2022-04-05T21:07:38","date_gmt":"2022-04-05T19:07:38","guid":{"rendered":"https:\/\/www.messinaoggi.it\/website\/2022\/04\/05\/salvini-escludo-che-il-governo-tagli-la-spesa-sociale\/"},"modified":"2022-04-05T21:07:38","modified_gmt":"2022-04-05T19:07:38","slug":"salvini-escludo-che-il-governo-tagli-la-spesa-sociale","status":"publish","type":"post","link":"https:\/\/www.messinaoggi.it\/website\/2022\/04\/05\/salvini-escludo-che-il-governo-tagli-la-spesa-sociale\/","title":{"rendered":"Salvini \u201cEscludo che il Governo tagli la spesa sociale\u201d"},"content":{"rendered":"<div>ROMA (ITALPRESS) &#8211; &#8220;La guerra \u00e8 una preoccupazione, non si sa mai dove si pu\u00f2 arrivare. Sento tanti che ne parlano con facilit\u00e0. Oggi l&#8217;Italia ha deciso di espellere 30 diplomatici russi per\u00f2 le guerre non le vinci con i fucili e i carri armati o con l&#8217;arma nucleare, ma con il dialogo, il confronto, la diplomazia. Se per la guerra si rischia di tagliare la spesa sociale? Io conto di no. Con un conflitto in corso tendo a escludere che Bruxelles richiami i singoli Stati per tagliare, chiudere o sospendere&#8221;. Cos\u00ec Matteo Salvini, leader della Lega, in un&#8217;intervista a Slash Radio Web.<br \/>&#8220;Se qualcuno ritiene di spendere di pi\u00f9 per la difesa basta che non sia fatto a scapito di altro. Io ho e-mail per il caro energia, gas, caro spesa. Aumenta il costo della vita, quindi escludo che ci sia una manovra finanziaria da parte del governo che tagli spese sociali. Domani c&#8217;\u00e8 il Consiglio dei Ministri sul documento di economia e finanza ed escludo che ci siano tagli all&#8217;investimento sul sociale&#8221;, ha concluso.<br \/>(ITALPRESS).<\/div>\n<div id=\"div-gpt-ad-Messinaoggi.it-DSK-300x250-corpoart\" style=\"text-align:center;margin:0 auto;\"><\/div><\/p><div id=\"videoincontent\" style=\"clear:both\";><\/div>","protected":false},"excerpt":{"rendered":"<p>ROMA (ITALPRESS) &#8211; &#8220;La guerra \u00e8 una preoccupazione, non si sa mai dove si pu\u00f2 arrivare. Sento tanti che ne parlano con facilit\u00e0. Oggi l&#8217;Italia ha deciso di espellere 30 diplomatici russi per\u00f2 le guerre non le vinci con i fucili e i carri armati o con l&#8217;arma nucleare, ma con il dialogo, il confronto, [&hellip;]<\/p>\n","protected":false},"author":18,"featured_media":103435,"comment_status":"closed","ping_status":"closed","sticky":false,"template":"","format":"standard","meta":{"ub_ctt_via":"","_mi_skip_tracking":false},"categories":[446],"tags":[783],"featured_image_src":"https:\/\/www.messinaoggi.it\/website\/wp-content\/uploads\/2022\/04\/20220405_2031.jpg","author_info":{"display_name":"Admin","author_link":"https:\/\/www.messinaoggi.it\/website\/author\/admin\/"},"digistream_id":0,"digistream":false,"_links":{"self":[{"href":"https:\/\/www.messinaoggi.it\/website\/wp-json\/wp\/v2\/posts\/103434"}],"collection":[{"href":"https:\/\/www.messinaoggi.it\/website\/wp-json\/wp\/v2\/posts"}],"about":[{"href":"https:\/\/www.messinaoggi.it\/website\/wp-json\/wp\/v2\/types\/post"}],"author":[{"embeddable":true,"href":"https:\/\/www.messinaoggi.it\/website\/wp-json\/wp\/v2\/users\/18"}],"replies":[{"embeddable":true,"href":"https:\/\/www.messinaoggi.it\/website\/wp-json\/wp\/v2\/comments?post=103434"}],"version-history":[{"count":0,"href":"https:\/\/www.messinaoggi.it\/website\/wp-json\/wp\/v2\/posts\/103434\/revisions"}],"wp:featuredmedia":[{"embeddable":true,"href":"https:\/\/www.messinaoggi.it\/website\/wp-json\/wp\/v2\/media\/103435"}],"wp:attachment":[{"href":"https:\/\/www.messinaoggi.it\/website\/wp-json\/wp\/v2\/media?parent=103434"}],"wp:term":[{"taxonomy":"category","embeddable":true,"href":"https:\/\/www.messinaoggi.it\/website\/wp-json\/wp\/v2\/categories?post=103434"},{"taxonomy":"post_tag","embeddable":true,"href":"https:\/\/www.messinaoggi.it\/website\/wp-json\/wp\/v2\/tags?post=103434"}],"curies":[{"name":"wp","href":"https:\/\/api.w.org\/{rel}","templated":true}]}}