{"id":10333,"date":"2017-10-25T15:30:25","date_gmt":"2017-10-25T13:30:25","guid":{"rendered":"http:\/\/www.messinaoggi.it\/website\/?p=10333"},"modified":"2017-10-25T15:30:25","modified_gmt":"2017-10-25T13:30:25","slug":"costruzione-via-marina-santalco-e-mondello-urge-intervento-di-programmazione","status":"publish","type":"post","link":"https:\/\/www.messinaoggi.it\/website\/2017\/10\/25\/costruzione-via-marina-santalco-e-mondello-urge-intervento-di-programmazione\/","title":{"rendered":"Costruzione &#039;Via Marina&#039;, Santalco e Mondello: &#039;Urge intervento di programmazione&#039;"},"content":{"rendered":"<p style=\"text-align: justify\" align=\"JUSTIFY\"><span style=\"color: #000000\">\u201c<span style=\"font-family: Arial, sans-serif\"><span style=\"font-size: medium\"><span lang=\"it-IT\">Riteniamo urgente ed indifferibile avviare un intervento di programmazione che preveda, con una sinergia istituzionale tra Comune di Messina e Autorit\u00e0 Portuale, l\u2019avvio delle procedure di un\u2019opera a nostro avviso strategica\u201d. \u00c8 quanto affermano i consiglieri comunali Franco Mondello e Giuseppe Santalco riguardo alla cosiddetta Via Marina, la nuova arteria stradale, gi\u00e0 inserita nel Piano triennale del comune di Messina, che dovrebbe essere realizzata nel tratto compreso tra la Zona Falcata e il Porto di Tremestieri che \u201crisulterebbe \u2013 spiegano i due consiglieri comunali \u2013 funzionale alle esigenze per uno sviluppo economico-sociale della zona sud; il tutto in un\u2019ottica di alleggerimento del traffico veicolare\u201d.<\/span><\/span><\/span><\/span><div id=\"div-gpt-ad-Messinaoggi.it-DSK-300x250-corpoart\" style=\"text-align:center;margin:0 auto;\"><\/div><\/p>\n<p lang=\"it-IT\" style=\"text-align: justify\" align=\"JUSTIFY\"><span style=\"color: #000000\">\u201c<span style=\"font-family: Arial, sans-serif\"><span style=\"font-size: medium\">Riteniamo che l\u2019avere escluso la Via Marina dall\u2019inserimento nel Masterplan sia stato un errore di visione strategica.\u00a0<\/span><\/span><\/span><span style=\"color: #000000\"><span style=\"font-family: Arial, sans-serif\"><span style=\"font-size: medium\">Tuttavia, auspichiamo che ancora ci siano i presupposti affinch\u00e9 l\u2019Autorit\u00e0 Portuale ed il Comune di Messina possano trovare le soluzioni tecniche e finanziarie necessarie per il finanziamento della suddetta opera.<\/span><\/span><\/span><div id=\"videoincontent\" style=\"clear:both\";><\/div><\/p>\n<p lang=\"it-IT\" style=\"text-align: justify\" align=\"JUSTIFY\"><span style=\"color: #000000\"><span style=\"font-family: Arial, sans-serif\"><span style=\"font-size: medium\">Invitiamo, pertanto, l\u2019amministrazione comunale a voler sottoscrivere urgentemente un accordo di programma con l\u2019Autorit\u00e0 portuale, sempre sensibile ai temi che riguardano gli snodi viari collegati alla portualit\u00e0, al fine di sottoporre la fattibilit\u00e0 tecnica di detta opera al competente Ministero e alla Regione Siciliana e, nel contempo di individuare prioritariamente una fonte di finanziamento.<\/span><\/span><\/span><\/p>\n<p lang=\"it-IT\" style=\"text-align: justify\" align=\"JUSTIFY\"><span style=\"color: #000000\"><span style=\"font-family: Arial, sans-serif\"><span style=\"font-size: medium\">Si invita il signor Sindaco a convocare con cortese sollecitudine un tavolo tecnico alla presenza dei sottoscritti consiglieri, dei capigruppo consiliari ed i soggetti istituzionali per competenza\u201d.<\/span><\/span><\/span><\/p>\n","protected":false},"excerpt":{"rendered":"<p>\u201cRiteniamo urgente ed indifferibile avviare un intervento di programmazione che preveda, con una sinergia istituzionale tra Comune di Messina e Autorit\u00e0 Portuale, l\u2019avvio delle procedure di un\u2019opera a nostro avviso strategica\u201d. \u00c8 quanto affermano i consiglieri comunali Franco Mondello e Giuseppe Santalco riguardo alla cosiddetta Via Marina, la nuova arteria stradale, gi\u00e0 inserita nel Piano [&hellip;]<\/p>\n","protected":false},"author":8,"featured_media":10340,"comment_status":"closed","ping_status":"open","sticky":false,"template":"","format":"standard","meta":{"ub_ctt_via":"","_mi_skip_tracking":false},"categories":[4],"tags":[],"featured_image_src":"https:\/\/www.messinaoggi.it\/website\/wp-content\/uploads\/2017\/10\/giuseppe-santalco-e-franco-mondello.jpg","author_info":{"display_name":"red..me","author_link":"https:\/\/www.messinaoggi.it\/website\/author\/redstage\/"},"digistream_id":0,"digistream":false,"_links":{"self":[{"href":"https:\/\/www.messinaoggi.it\/website\/wp-json\/wp\/v2\/posts\/10333"}],"collection":[{"href":"https:\/\/www.messinaoggi.it\/website\/wp-json\/wp\/v2\/posts"}],"about":[{"href":"https:\/\/www.messinaoggi.it\/website\/wp-json\/wp\/v2\/types\/post"}],"author":[{"embeddable":true,"href":"https:\/\/www.messinaoggi.it\/website\/wp-json\/wp\/v2\/users\/8"}],"replies":[{"embeddable":true,"href":"https:\/\/www.messinaoggi.it\/website\/wp-json\/wp\/v2\/comments?post=10333"}],"version-history":[{"count":0,"href":"https:\/\/www.messinaoggi.it\/website\/wp-json\/wp\/v2\/posts\/10333\/revisions"}],"wp:featuredmedia":[{"embeddable":true,"href":"https:\/\/www.messinaoggi.it\/website\/wp-json\/wp\/v2\/media\/10340"}],"wp:attachment":[{"href":"https:\/\/www.messinaoggi.it\/website\/wp-json\/wp\/v2\/media?parent=10333"}],"wp:term":[{"taxonomy":"category","embeddable":true,"href":"https:\/\/www.messinaoggi.it\/website\/wp-json\/wp\/v2\/categories?post=10333"},{"taxonomy":"post_tag","embeddable":true,"href":"https:\/\/www.messinaoggi.it\/website\/wp-json\/wp\/v2\/tags?post=10333"}],"curies":[{"name":"wp","href":"https:\/\/api.w.org\/{rel}","templated":true}]}}