{"id":103325,"date":"2022-04-05T11:19:05","date_gmt":"2022-04-05T09:19:05","guid":{"rendered":"http:\/\/www.messinaoggi.it\/website\/?p=103325"},"modified":"2022-04-05T11:19:08","modified_gmt":"2022-04-05T09:19:08","slug":"infermiera-premiata-gli-ispettori-arrivano-allasp","status":"publish","type":"post","link":"https:\/\/www.messinaoggi.it\/website\/2022\/04\/05\/infermiera-premiata-gli-ispettori-arrivano-allasp\/","title":{"rendered":"Infermiera &#8220;premiata&#8221;, gli ispettori arrivano all&#8217;Asp"},"content":{"rendered":"\n<p>Gli ispettori spediti dall&#8217;assessorato alla Salute si sono presentati ieri mattina all&#8217;Asp di Messina, dopo la denuncia di tre sigle sindacali sulla vicenda riguardante una infermiera appartenente ad una sigla sindacale confederale, premiata con la PEO (Progressione economica orizzontale).<div id=\"div-gpt-ad-Messinaoggi.it-DSK-300x250-corpoart\" style=\"text-align:center;margin:0 auto;\"><\/div><\/p>\n\n\n\n<p>Una vicenda che ha suscitato l&#8217;indignazione dell&#8217;opinione pubblica e che \u00e8 stata oggetto di attenzione della stampa nazionale. I funzionari della Regione, ieri mattina, hanno avviato il lavoro ispettivo e richiederanno una serie di documenti alla governace dell&#8217;azienda sanitaria per fare chiarezza sulla vicenda.<div id=\"videoincontent\" style=\"clear:both\";><\/div><\/p>\n\n\n\n<p>Secondo la denuncia di Cgil-Fp, Uil-Fpl e Fials, la sindacalista non avrebbe avuto diritto al riconoscimento della PEO avendo lavorato solo 5 giorni nell&#8217;anno della Pandemia, godendo del distacco sindacale. I sindacati chiedono possa avere ottenuto una scheda di valutazione positiva con appena cinque giorni di lavoro effettivo.<\/p>\n\n\n\n<p>Gli ispettori sono chiamati a fare chiarezza, anche perch\u00e9 \u00e8 quello che vuole l&#8217;assessore Ruggero Razza perch\u00e9 la vicenda ha creato non pochi imbarazzi. Calapai, Trino e La Rocca hanno anche chiesto le dimissioni del commissario dell&#8217;Asp di Messina, Dino Alagna, il quale alla stampa ha dichiarato che per lui &#8220;E&#8217; tutto a posto&#8221;.<\/p>\n","protected":false},"excerpt":{"rendered":"<p>Gli ispettori spediti dall&#8217;assessorato alla Salute si sono presentati ieri mattina all&#8217;Asp di Messina, dopo la denuncia di tre sigle sindacali sulla vicenda riguardante una infermiera appartenente ad una sigla sindacale confederale, premiata con la PEO (Progressione economica orizzontale). Una vicenda che ha suscitato l&#8217;indignazione dell&#8217;opinione pubblica e che \u00e8 stata oggetto di attenzione della [&hellip;]<\/p>\n","protected":false},"author":2,"featured_media":2164,"comment_status":"open","ping_status":"open","sticky":false,"template":"","format":"standard","meta":{"ub_ctt_via":"","_mi_skip_tracking":false},"categories":[19],"tags":[4277,587],"featured_image_src":"https:\/\/www.messinaoggi.it\/website\/wp-content\/uploads\/2017\/06\/Asp-Messina-2.jpg","author_info":{"display_name":"Redazione","author_link":"https:\/\/www.messinaoggi.it\/website\/author\/redazione\/"},"digistream_id":0,"digistream":false,"_links":{"self":[{"href":"https:\/\/www.messinaoggi.it\/website\/wp-json\/wp\/v2\/posts\/103325"}],"collection":[{"href":"https:\/\/www.messinaoggi.it\/website\/wp-json\/wp\/v2\/posts"}],"about":[{"href":"https:\/\/www.messinaoggi.it\/website\/wp-json\/wp\/v2\/types\/post"}],"author":[{"embeddable":true,"href":"https:\/\/www.messinaoggi.it\/website\/wp-json\/wp\/v2\/users\/2"}],"replies":[{"embeddable":true,"href":"https:\/\/www.messinaoggi.it\/website\/wp-json\/wp\/v2\/comments?post=103325"}],"version-history":[{"count":1,"href":"https:\/\/www.messinaoggi.it\/website\/wp-json\/wp\/v2\/posts\/103325\/revisions"}],"predecessor-version":[{"id":103332,"href":"https:\/\/www.messinaoggi.it\/website\/wp-json\/wp\/v2\/posts\/103325\/revisions\/103332"}],"wp:featuredmedia":[{"embeddable":true,"href":"https:\/\/www.messinaoggi.it\/website\/wp-json\/wp\/v2\/media\/2164"}],"wp:attachment":[{"href":"https:\/\/www.messinaoggi.it\/website\/wp-json\/wp\/v2\/media?parent=103325"}],"wp:term":[{"taxonomy":"category","embeddable":true,"href":"https:\/\/www.messinaoggi.it\/website\/wp-json\/wp\/v2\/categories?post=103325"},{"taxonomy":"post_tag","embeddable":true,"href":"https:\/\/www.messinaoggi.it\/website\/wp-json\/wp\/v2\/tags?post=103325"}],"curies":[{"name":"wp","href":"https:\/\/api.w.org\/{rel}","templated":true}]}}