{"id":10319,"date":"2017-10-25T10:54:45","date_gmt":"2017-10-25T08:54:45","guid":{"rendered":"http:\/\/www.messinaoggi.it\/website\/?p=10319"},"modified":"2017-10-25T10:54:45","modified_gmt":"2017-10-25T08:54:45","slug":"il-semaforo-ti-allunga-la-vita-tobias-e-suoi-amici-evitano-il-ramo-killer","status":"publish","type":"post","link":"https:\/\/www.messinaoggi.it\/website\/2017\/10\/25\/il-semaforo-ti-allunga-la-vita-tobias-e-suoi-amici-evitano-il-ramo-killer\/","title":{"rendered":"Il semaforo ti salva la vita, Tobias e suoi amici evitano il ramo-killer"},"content":{"rendered":"<p>&#8220;Ho visto cadere l&#8217;albero, per fortuna eravamo fermi perch\u00e9 stavamo rispettando il rosso pedonale&#8221;: le parole di Tobias, il crocierista intervistato ieri mattina a caldo dopo che un grosso ramo si era schiantato al suolo in via Cesare Battisti, suonano come un campanello d&#8217;allarme ed indicano che il &#8220;credito&#8221; con la buona sorte sta davvero per terminare.<br \/>\nLa tragedia sfiorata di ieri impone delle serie riflessioni, siamo tutti in pericolo, nessuno escluso. Gli Sos arrivano da tutte le parti (un albero \u00e8 collassare in via Risorgimento), bisogna coglierli per evitare il peggio. Se da un lato nessuno pu\u00f2 fermare le folate di vento, dall&#8217;altro si deve fare di tutto per renderle inoffensive.<br \/>\nDa tempo sulle nostre colonne denunciamo lo stato di abbandono della citt\u00e0, nessuno lo pu\u00f2 negare, ma ora \u00e8 il momento di agire. Chiss\u00e0 cosa diranno, al rientro in patria, quei turisti sfiorati dal grosso ramo che prima di precipitare a terra ha divelto un semaforo, di sicuro non conserveranno un bel ricordo di Messina. Qui sta il punto, una citt\u00e0 che vuole fare turismo non pu\u00f2 farsi trovare impreparata, deve accogliere e non fare scappare gli ospiti a gambe levate.<br \/>\nNessuno, come qualcuno ha scritto sui social network, punta il dito contro l&#8217;Amministrazione Accorinti, parlano i fatti ed il ramo per terra non ammette discussioni. Abbiamo fatto il nostro dovere di giornalisti, abbiamo raccontato un fatto di cronaca ed indignano i commenti di chi, lontano dalla Sicilia, si \u00e8 permesso anche il &#8220;lusso&#8221; di insultarci.<br \/>\nUn messinese emigrato al Nord, che forse non ha creduto in questa terra, non merita alcuna risposta o forse s\u00ec venga qui in una giornata qualsiasi di maltempo con le strade allagate, i torrenti in piena e gli alberi che crollano sulle teste dei cittadini.<br \/>\n <br \/>\n<img loading=\"lazy\" class=\"alignnone size-medium wp-image-10325\" src=\"http:\/\/www.messinaoggi.it\/website\/wp-content\/uploads\/2017\/10\/pioggia-300x200.jpg\" alt=\"\" width=\"300\" height=\"200\" \/><br \/>\nForse si ricreder\u00e0 e ci dar\u00e0 ragione, comunque lo ringraziamo per l&#8217;attenzione, un po&#8217; meno per l&#8217;insulto che ha rivolto non solo a noi, ma a tutti i messinesi&#8230;<br \/>\n <div id=\"div-gpt-ad-Messinaoggi.it-DSK-300x250-corpoart\" style=\"text-align:center;margin:0 auto;\"><\/div><\/p>\n<div id=\"videoincontent\" style=\"clear:both\";><\/div>","protected":false},"excerpt":{"rendered":"<p>&#8220;Ho visto cadere l&#8217;albero, per fortuna eravamo fermi perch\u00e9 stavamo rispettando il rosso pedonale&#8221;: le parole di Tobias, il crocierista intervistato ieri mattina a caldo dopo che un grosso ramo si era schiantato al suolo in via Cesare Battisti, suonano come un campanello d&#8217;allarme ed indicano che il &#8220;credito&#8221; con la buona sorte sta davvero [&hellip;]<\/p>\n","protected":false},"author":2,"featured_media":10320,"comment_status":"closed","ping_status":"open","sticky":false,"template":"","format":"standard","meta":{"ub_ctt_via":"","_mi_skip_tracking":false},"categories":[6],"tags":[],"featured_image_src":"https:\/\/www.messinaoggi.it\/website\/wp-content\/uploads\/2017\/10\/maltempo-albero-caduto-via-cesare-battisti.jpg","author_info":{"display_name":"Redazione","author_link":"https:\/\/www.messinaoggi.it\/website\/author\/redazione\/"},"digistream_id":0,"digistream":false,"_links":{"self":[{"href":"https:\/\/www.messinaoggi.it\/website\/wp-json\/wp\/v2\/posts\/10319"}],"collection":[{"href":"https:\/\/www.messinaoggi.it\/website\/wp-json\/wp\/v2\/posts"}],"about":[{"href":"https:\/\/www.messinaoggi.it\/website\/wp-json\/wp\/v2\/types\/post"}],"author":[{"embeddable":true,"href":"https:\/\/www.messinaoggi.it\/website\/wp-json\/wp\/v2\/users\/2"}],"replies":[{"embeddable":true,"href":"https:\/\/www.messinaoggi.it\/website\/wp-json\/wp\/v2\/comments?post=10319"}],"version-history":[{"count":0,"href":"https:\/\/www.messinaoggi.it\/website\/wp-json\/wp\/v2\/posts\/10319\/revisions"}],"wp:featuredmedia":[{"embeddable":true,"href":"https:\/\/www.messinaoggi.it\/website\/wp-json\/wp\/v2\/media\/10320"}],"wp:attachment":[{"href":"https:\/\/www.messinaoggi.it\/website\/wp-json\/wp\/v2\/media?parent=10319"}],"wp:term":[{"taxonomy":"category","embeddable":true,"href":"https:\/\/www.messinaoggi.it\/website\/wp-json\/wp\/v2\/categories?post=10319"},{"taxonomy":"post_tag","embeddable":true,"href":"https:\/\/www.messinaoggi.it\/website\/wp-json\/wp\/v2\/tags?post=10319"}],"curies":[{"name":"wp","href":"https:\/\/api.w.org\/{rel}","templated":true}]}}