{"id":10317,"date":"2017-10-25T10:39:03","date_gmt":"2017-10-25T08:39:03","guid":{"rendered":"http:\/\/www.messinaoggi.it\/website\/?p=10317"},"modified":"2017-10-25T10:39:03","modified_gmt":"2017-10-25T08:39:03","slug":"regionali-pinsone-rischio-astensionismo-convergenza-con-il-movimento-5-stelle","status":"publish","type":"post","link":"https:\/\/www.messinaoggi.it\/website\/2017\/10\/25\/regionali-pinsone-rischio-astensionismo-convergenza-con-il-movimento-5-stelle\/","title":{"rendered":"Regionali-Pinsone, rischio astensionismo. Convergenza con il Movimento 5 stelle"},"content":{"rendered":"<p style=\"text-align: justify;\"><strong>Lucia Pinsone<\/strong>, la candidata in corsa per la presidenza, sostenuta dal movimento <strong>Vox Populi Voluntas Dei<\/strong>, in merito alle elezioni previste per il 5 novembre ha dichiato: \u201cSciolta la coalizione con movimenti che non hanno completato il percorso delle candidature, insieme al direttivo di Vox Populi Voluntas Dei ho valutato i programmi di tutti i candidati alla presidenza della regione, senza preclusione verso bandiere o appartenenze.<div id=\"div-gpt-ad-Messinaoggi.it-DSK-300x250-corpoart\" style=\"text-align:center;margin:0 auto;\"><\/div><\/p>\n<p style=\"text-align: justify;\">Siamo giunti alla conclusione che per buona parte condividiamo il programma elettorale del Movimento 5 stelle, che \u00e8 centrato, come il nostro, sulle persone e sulle loro necessit\u00e0. Possiamo non esser d\u2019accordo su ogni ricetta, ma la visione d\u2019insieme \u00e8 abbastanza comune da condurci alla scelta serena di una convergenza elettorale.<div id=\"videoincontent\" style=\"clear:both\";><\/div><\/p>\n<p style=\"text-align: justify;\">Nessuna schizofrenia politica: rimango convinta del percorso giudiziario che ho intrapreso, teso all\u2019invalidazione delle elezioni regionali del 5 novembre che, cos\u00ec come ce le stanno propinando gli uffici, chiss\u00e0 se per caso o dietro precisa regia, non garantiscono quella legalit\u00e0 reale che tutti, elettori e candidati, meritiamo.<\/p>\n<p style=\"text-align: justify;\">Pertanto proseguir\u00f2 su questa strada ma ritengo, concorde con il direttivo di Vox Populi, che non dare indicazioni di voto alle nostre donne e ai nostri uomini potrebbe aumentare i numeri dell\u2019astensionismo, grave pericolo per la democrazia. Pertanto, per onest\u00e0 intellettuale e politica, mi appare corretto indicare ai miei la convergenza nelle urne con il Movimento 5 stelle e con Giancarlo Cancelleri.&#8221;L&#8217;obiettivo \u00e8 quello di restituire centralit\u00e0 al popolo e farsi interprete dei bisogni reali\u00a0 dei cittadini.<\/p>\n","protected":false},"excerpt":{"rendered":"<p>Lucia Pinsone, la candidata in corsa per la presidenza, sostenuta dal movimento Vox Populi Voluntas Dei, in merito alle elezioni previste per il 5 novembre ha dichiato: \u201cSciolta la coalizione con movimenti che non hanno completato il percorso delle candidature, insieme al direttivo di Vox Populi Voluntas Dei ho valutato i programmi di tutti i [&hellip;]<\/p>\n","protected":false},"author":8,"featured_media":10321,"comment_status":"closed","ping_status":"open","sticky":false,"template":"","format":"standard","meta":{"ub_ctt_via":"","_mi_skip_tracking":false},"categories":[4],"tags":[],"featured_image_src":"https:\/\/www.messinaoggi.it\/website\/wp-content\/uploads\/2017\/10\/pinsone-lucia.jpg","author_info":{"display_name":"red..me","author_link":"https:\/\/www.messinaoggi.it\/website\/author\/redstage\/"},"digistream_id":0,"digistream":false,"_links":{"self":[{"href":"https:\/\/www.messinaoggi.it\/website\/wp-json\/wp\/v2\/posts\/10317"}],"collection":[{"href":"https:\/\/www.messinaoggi.it\/website\/wp-json\/wp\/v2\/posts"}],"about":[{"href":"https:\/\/www.messinaoggi.it\/website\/wp-json\/wp\/v2\/types\/post"}],"author":[{"embeddable":true,"href":"https:\/\/www.messinaoggi.it\/website\/wp-json\/wp\/v2\/users\/8"}],"replies":[{"embeddable":true,"href":"https:\/\/www.messinaoggi.it\/website\/wp-json\/wp\/v2\/comments?post=10317"}],"version-history":[{"count":0,"href":"https:\/\/www.messinaoggi.it\/website\/wp-json\/wp\/v2\/posts\/10317\/revisions"}],"wp:featuredmedia":[{"embeddable":true,"href":"https:\/\/www.messinaoggi.it\/website\/wp-json\/wp\/v2\/media\/10321"}],"wp:attachment":[{"href":"https:\/\/www.messinaoggi.it\/website\/wp-json\/wp\/v2\/media?parent=10317"}],"wp:term":[{"taxonomy":"category","embeddable":true,"href":"https:\/\/www.messinaoggi.it\/website\/wp-json\/wp\/v2\/categories?post=10317"},{"taxonomy":"post_tag","embeddable":true,"href":"https:\/\/www.messinaoggi.it\/website\/wp-json\/wp\/v2\/tags?post=10317"}],"curies":[{"name":"wp","href":"https:\/\/api.w.org\/{rel}","templated":true}]}}