{"id":103141,"date":"2022-04-03T16:07:37","date_gmt":"2022-04-03T14:07:37","guid":{"rendered":"https:\/\/www.messinaoggi.it\/website\/2022\/04\/03\/covid-speranza-giusto-uscire-dallemergenza-ma-serve-ancora-prudenza\/"},"modified":"2022-04-03T18:26:58","modified_gmt":"2022-04-03T16:26:58","slug":"covid-speranza-giusto-uscire-dallemergenza-ma-serve-ancora-prudenza","status":"publish","type":"post","link":"https:\/\/www.messinaoggi.it\/website\/2022\/04\/03\/covid-speranza-giusto-uscire-dallemergenza-ma-serve-ancora-prudenza\/","title":{"rendered":"Covid, Speranza \u201cGiusto uscire dall\u2019emergenza ma serve ancora prudenza\u201d"},"content":{"rendered":"<div>ROMA (ITALPRESS) &#8211; &#8220;E&#8217; giusto uscire dallo stato di emergenza e affrontare il Covid con strumenti ordinari e non straordinari. Abbiamo gli anticorpi, i monoclonali, i vaccini e l&#8217;utilizzo diffuso della mascherina. Dobbiamo avere fiducia, non possiamo affrontare il Covid come due anni fa, sarebbe antistorico. Ma ci vuole ancora gradualit\u00e0 e prudenza. Dobbiamo avere grande cautela e attenzione. Il 94,5% dei vaccinati \u00e8 una delle percentuali pi\u00f9 alte del mondo e di questo dobbiamo essere orgogliosi&#8221;. Cos\u00ec Roberto Speranza, ministro della Salute, a &#8220;Mezz&#8217;ora in pi\u00f9&#8221; su Rai3. &#8220;Il Covid non \u00e8 scomparso, lo vediamo nei contagi, la situazione non \u00e8 semplice, non c&#8217;\u00e8 stata una sostituzione, ma una sovrapposizione: al Covid si aggiunge la guerra &#8211; osserva -. E&#8217; una situazione difficile che richiede un&#8217;attenzione maggiore dei governi e degli Stati&#8221;. Sull&#8217;utilizzo delle mascherine &#8220;valuteremo nella terza decade di aprile quali scelte compiere a partire dal primo maggio&#8221;. Quanto ai vaccini &#8220;dobbiamo ancora insistere, la prima dose e la terza sono fondamentali. Sulla quarta dose, grazie a un&#8217;iniziativa italiana del mio ministero, la Commissione europea la prossima settimana dar\u00e0 un&#8217;indicazione condivisa. La quarta dose deve essere fatta sicuramente dagli immunocompromessi e dagli over di fascia adulta fragili &#8211; sottolinea Speranza -. Chiediamo all&#8217;Ema cos&#8217;\u00e8 la cosa migliore da fare oggi sulla base del quadro epidemiologico e procediamo tutti insieme sulla base dell&#8217;evidenza scientifica&#8221;. &#8220;Nessuno pensa subito a quarta dose per tutti&#8221;, chiarisce.<br \/>(ITALPRESS).<\/div>\n<div id=\"div-gpt-ad-Messinaoggi.it-DSK-300x250-corpoart\" style=\"text-align:center;margin:0 auto;\"><\/div><\/p><div id=\"videoincontent\" style=\"clear:both\";><\/div>","protected":false},"excerpt":{"rendered":"<p>ROMA (ITALPRESS) &#8211; &#8220;E&#8217; giusto uscire dallo stato di emergenza e affrontare il Covid con strumenti ordinari e non straordinari. Abbiamo gli anticorpi, i monoclonali, i vaccini e l&#8217;utilizzo diffuso della mascherina. Dobbiamo avere fiducia, non possiamo affrontare il Covid come due anni fa, sarebbe antistorico. Ma ci vuole ancora gradualit\u00e0 e prudenza. Dobbiamo avere [&hellip;]<\/p>\n","protected":false},"author":18,"featured_media":103142,"comment_status":"closed","ping_status":"closed","sticky":false,"template":"","format":"standard","meta":{"ub_ctt_via":"","_mi_skip_tracking":false},"categories":[221,446],"tags":[783],"featured_image_src":"https:\/\/www.messinaoggi.it\/website\/wp-content\/uploads\/2022\/04\/20220403_1191.jpg","author_info":{"display_name":"Admin","author_link":"https:\/\/www.messinaoggi.it\/website\/author\/admin\/"},"digistream_id":0,"digistream":false,"_links":{"self":[{"href":"https:\/\/www.messinaoggi.it\/website\/wp-json\/wp\/v2\/posts\/103141"}],"collection":[{"href":"https:\/\/www.messinaoggi.it\/website\/wp-json\/wp\/v2\/posts"}],"about":[{"href":"https:\/\/www.messinaoggi.it\/website\/wp-json\/wp\/v2\/types\/post"}],"author":[{"embeddable":true,"href":"https:\/\/www.messinaoggi.it\/website\/wp-json\/wp\/v2\/users\/18"}],"replies":[{"embeddable":true,"href":"https:\/\/www.messinaoggi.it\/website\/wp-json\/wp\/v2\/comments?post=103141"}],"version-history":[{"count":1,"href":"https:\/\/www.messinaoggi.it\/website\/wp-json\/wp\/v2\/posts\/103141\/revisions"}],"predecessor-version":[{"id":103161,"href":"https:\/\/www.messinaoggi.it\/website\/wp-json\/wp\/v2\/posts\/103141\/revisions\/103161"}],"wp:featuredmedia":[{"embeddable":true,"href":"https:\/\/www.messinaoggi.it\/website\/wp-json\/wp\/v2\/media\/103142"}],"wp:attachment":[{"href":"https:\/\/www.messinaoggi.it\/website\/wp-json\/wp\/v2\/media?parent=103141"}],"wp:term":[{"taxonomy":"category","embeddable":true,"href":"https:\/\/www.messinaoggi.it\/website\/wp-json\/wp\/v2\/categories?post=103141"},{"taxonomy":"post_tag","embeddable":true,"href":"https:\/\/www.messinaoggi.it\/website\/wp-json\/wp\/v2\/tags?post=103141"}],"curies":[{"name":"wp","href":"https:\/\/api.w.org\/{rel}","templated":true}]}}