{"id":103108,"date":"2022-04-02T19:39:36","date_gmt":"2022-04-02T17:39:36","guid":{"rendered":"http:\/\/www.messinaoggi.it\/website\/?p=103108"},"modified":"2022-04-02T19:39:36","modified_gmt":"2022-04-02T17:39:36","slug":"germana-pronto-a-fare-un-passo-indietro-ma","status":"publish","type":"post","link":"https:\/\/www.messinaoggi.it\/website\/2022\/04\/02\/germana-pronto-a-fare-un-passo-indietro-ma\/","title":{"rendered":"German\u00e0: Pronto a fare un passo indietro, ma&#8230;\u201d"},"content":{"rendered":"\n<p>German\u00e0 si dice pronto a fare un passo indietro, ma invita Croce a fare lo stesso per una candidatura non divisiva.<div id=\"div-gpt-ad-Messinaoggi.it-DSK-300x250-corpoart\" style=\"text-align:center;margin:0 auto;\"><\/div><\/p>\n\n\n\n<p>\u201cDopo fughe in avanti e colpi bassi, apprendo di una uscita pubblica, in una tv locale, del candidato di una parte minoritaria del centrodestra, accompagnato dal deputato all\u2019Ars Genovese. \u00c8 l\u2019ennesima provocazione che deve subire il centrodestra, l\u2019ennesimo tentativo di prevaricazione che non fa bene a nessuno. Probabilmente qualcuno, che non vuole il bene della citt\u00e0, vuole consapevolmente spaccare il centrodestra per logiche personali.<br>No a candidature divisive, basta a metodi discutibili e dannosi, non sono disposto ad assistere ancora a un centrodestra che si fa logorare. Ritengo finora di essere stato fin troppo responsabile e pacato rispetto alle azioni che ho dovuto subire. Probabilmente anche la mia candidatura si \u00e8 mostrata divisiva, ed essendo una persona responsabile, sono pronto con un gesto di generosit\u00e0 e seriet\u00e0 a fare un passo indietro per trovare una sintesi unitaria che vada oltre me e Croce.<div id=\"videoincontent\" style=\"clear:both\";><\/div><\/p>\n","protected":false},"excerpt":{"rendered":"<p>German\u00e0 si dice pronto a fare un passo indietro, ma invita Croce a fare lo stesso per una candidatura non divisiva. \u201cDopo fughe in avanti e colpi bassi, apprendo di una uscita pubblica, in una tv locale, del candidato di una parte minoritaria del centrodestra, accompagnato dal deputato all\u2019Ars Genovese. \u00c8 l\u2019ennesima provocazione che deve [&hellip;]<\/p>\n","protected":false},"author":2,"featured_media":1983,"comment_status":"open","ping_status":"open","sticky":false,"template":"","format":"standard","meta":{"ub_ctt_via":"","_mi_skip_tracking":false},"categories":[19],"tags":[4012,3070,3617,1082],"featured_image_src":"https:\/\/www.messinaoggi.it\/website\/wp-content\/uploads\/2017\/06\/Nino-Germana-4.jpg","author_info":{"display_name":"Redazione","author_link":"https:\/\/www.messinaoggi.it\/website\/author\/redazione\/"},"digistream_id":0,"digistream":false,"_links":{"self":[{"href":"https:\/\/www.messinaoggi.it\/website\/wp-json\/wp\/v2\/posts\/103108"}],"collection":[{"href":"https:\/\/www.messinaoggi.it\/website\/wp-json\/wp\/v2\/posts"}],"about":[{"href":"https:\/\/www.messinaoggi.it\/website\/wp-json\/wp\/v2\/types\/post"}],"author":[{"embeddable":true,"href":"https:\/\/www.messinaoggi.it\/website\/wp-json\/wp\/v2\/users\/2"}],"replies":[{"embeddable":true,"href":"https:\/\/www.messinaoggi.it\/website\/wp-json\/wp\/v2\/comments?post=103108"}],"version-history":[{"count":1,"href":"https:\/\/www.messinaoggi.it\/website\/wp-json\/wp\/v2\/posts\/103108\/revisions"}],"predecessor-version":[{"id":103109,"href":"https:\/\/www.messinaoggi.it\/website\/wp-json\/wp\/v2\/posts\/103108\/revisions\/103109"}],"wp:featuredmedia":[{"embeddable":true,"href":"https:\/\/www.messinaoggi.it\/website\/wp-json\/wp\/v2\/media\/1983"}],"wp:attachment":[{"href":"https:\/\/www.messinaoggi.it\/website\/wp-json\/wp\/v2\/media?parent=103108"}],"wp:term":[{"taxonomy":"category","embeddable":true,"href":"https:\/\/www.messinaoggi.it\/website\/wp-json\/wp\/v2\/categories?post=103108"},{"taxonomy":"post_tag","embeddable":true,"href":"https:\/\/www.messinaoggi.it\/website\/wp-json\/wp\/v2\/tags?post=103108"}],"curies":[{"name":"wp","href":"https:\/\/api.w.org\/{rel}","templated":true}]}}