{"id":102973,"date":"2022-04-01T17:07:35","date_gmt":"2022-04-01T15:07:35","guid":{"rendered":"https:\/\/www.messinaoggi.it\/website\/2022\/04\/01\/ucraina-renzi-serve-un-commissario-per-limmigrazione\/"},"modified":"2022-04-01T17:07:35","modified_gmt":"2022-04-01T15:07:35","slug":"ucraina-renzi-serve-un-commissario-per-limmigrazione","status":"publish","type":"post","link":"https:\/\/www.messinaoggi.it\/website\/2022\/04\/01\/ucraina-renzi-serve-un-commissario-per-limmigrazione\/","title":{"rendered":"Ucraina, Renzi: \u201cServe un commissario per l\u2019immigrazione\u201d"},"content":{"rendered":"<div>ROMA (ITALPRESS) &#8211; &#8220;E&#8217; tempo di pensare alla nomina di un altro commissario speciale. E non per il COVID, ma per l&#8217;emergenza immigrazione. I numeri dei profughi in arrivo sono destinati a crescere. Le persone che arrivano in Italia hanno spesso molta voglia di lavorare e buona formazione personale: questo consente di procedere all&#8217;integrazione con minore difficolt\u00e0&#8221;. Cos\u00ec il leader di Italia Viva, Matteo Renzi, nella sua e-News.<br \/>&#8220;Ma ci sono tantissimi bambini, tante situazioni complicate, la difficolt\u00e0 della lingua e i comuni sono sotto botta. Io penso che &#8211; come c&#8217;\u00e8 stato Figliuolo per il Covid, come c&#8217;\u00e8 stato Sala per l&#8217;Expo o Cantone per l&#8217;anticorruzione &#8211; occorrerebbe nominare un commissario straordinario per l&#8217;immigrazione per un anno. Questa figura di specchiata moralit\u00e0 e alta professionalit\u00e0 dovrebbe interloquire con il Viminale, con i ministeri interessati, con gli enti territoriali &#8211; prosegue Renzi -. La questione migratoria, infatti, \u00e8 solo all&#8217;inizio. Si prevede un flusso almeno triplo rispetto a quello degli anni 2015-2016 dal Mediterraneo. Ci vogliamo mettere la testa subito prima che sia troppo tardi?&#8221;.<br \/>(ITALPRESS).<\/div>\n<div id=\"div-gpt-ad-Messinaoggi.it-DSK-300x250-corpoart\" style=\"text-align:center;margin:0 auto;\"><\/div><\/p><div id=\"videoincontent\" style=\"clear:both\";><\/div>","protected":false},"excerpt":{"rendered":"<p>ROMA (ITALPRESS) &#8211; &#8220;E&#8217; tempo di pensare alla nomina di un altro commissario speciale. E non per il COVID, ma per l&#8217;emergenza immigrazione. I numeri dei profughi in arrivo sono destinati a crescere. Le persone che arrivano in Italia hanno spesso molta voglia di lavorare e buona formazione personale: questo consente di procedere all&#8217;integrazione con [&hellip;]<\/p>\n","protected":false},"author":18,"featured_media":102974,"comment_status":"closed","ping_status":"closed","sticky":false,"template":"","format":"standard","meta":{"ub_ctt_via":"","_mi_skip_tracking":false},"categories":[446],"tags":[783],"featured_image_src":"https:\/\/www.messinaoggi.it\/website\/wp-content\/uploads\/2022\/04\/20220401_1424.jpg","author_info":{"display_name":"Admin","author_link":"https:\/\/www.messinaoggi.it\/website\/author\/admin\/"},"digistream_id":0,"digistream":false,"_links":{"self":[{"href":"https:\/\/www.messinaoggi.it\/website\/wp-json\/wp\/v2\/posts\/102973"}],"collection":[{"href":"https:\/\/www.messinaoggi.it\/website\/wp-json\/wp\/v2\/posts"}],"about":[{"href":"https:\/\/www.messinaoggi.it\/website\/wp-json\/wp\/v2\/types\/post"}],"author":[{"embeddable":true,"href":"https:\/\/www.messinaoggi.it\/website\/wp-json\/wp\/v2\/users\/18"}],"replies":[{"embeddable":true,"href":"https:\/\/www.messinaoggi.it\/website\/wp-json\/wp\/v2\/comments?post=102973"}],"version-history":[{"count":0,"href":"https:\/\/www.messinaoggi.it\/website\/wp-json\/wp\/v2\/posts\/102973\/revisions"}],"wp:featuredmedia":[{"embeddable":true,"href":"https:\/\/www.messinaoggi.it\/website\/wp-json\/wp\/v2\/media\/102974"}],"wp:attachment":[{"href":"https:\/\/www.messinaoggi.it\/website\/wp-json\/wp\/v2\/media?parent=102973"}],"wp:term":[{"taxonomy":"category","embeddable":true,"href":"https:\/\/www.messinaoggi.it\/website\/wp-json\/wp\/v2\/categories?post=102973"},{"taxonomy":"post_tag","embeddable":true,"href":"https:\/\/www.messinaoggi.it\/website\/wp-json\/wp\/v2\/tags?post=102973"}],"curies":[{"name":"wp","href":"https:\/\/api.w.org\/{rel}","templated":true}]}}