{"id":102969,"date":"2022-04-01T16:07:41","date_gmt":"2022-04-01T14:07:41","guid":{"rendered":"https:\/\/www.messinaoggi.it\/website\/2022\/04\/01\/pnrr-gelmini-sarebbe-un-errore-modificarlo\/"},"modified":"2022-04-01T16:07:41","modified_gmt":"2022-04-01T14:07:41","slug":"pnrr-gelmini-sarebbe-un-errore-modificarlo","status":"publish","type":"post","link":"https:\/\/www.messinaoggi.it\/website\/2022\/04\/01\/pnrr-gelmini-sarebbe-un-errore-modificarlo\/","title":{"rendered":"Pnrr, Gelmini: \u201cSarebbe un errore modificarlo\u201d"},"content":{"rendered":"<div>MODENA (ITALPRESS) &#8211; &#8220;Nonostante la guerra in Ucraina, secondo me sarebbe un errore modificare il Piano nazionale di ripresa e resilienza. Il Pnrr rappresenta per l&#8217;Italia, da un lato il dovere di realizzare le riforme, anche grazie alla centralit\u00e0 del Parlamento, dall&#8217;altro la realizzazione concreta di moltissimi progetti delle sei missioni del Piano. Se servir\u00e0 un aggiornamento il governo \u00e8 disponibile, ma dobbiamo rispettare gli impegni e i tempi: queste sono le nostre priorit\u00e0. <br \/>Su questo c&#8217;\u00e8 un grande lavoro da fare, ma \u00e8 anche un&#8217;opportunit\u00e0 per fare bene e per non deludere l&#8217;Europa che dal nostro Paese si aspetta molto&#8221;. Lo ha detto il ministro degli Affari Regionali, Mariastella Gelmini, parlando con i giornalisti a margine dell&#8217;iniziativa sul Pnrr &#8220;Italia Domani&#8221;, in corso a Modena.<br \/>(ITALPRESS).<\/div>\n<div id=\"div-gpt-ad-Messinaoggi.it-DSK-300x250-corpoart\" style=\"text-align:center;margin:0 auto;\"><\/div><\/p><div id=\"videoincontent\" style=\"clear:both\";><\/div>","protected":false},"excerpt":{"rendered":"<p>MODENA (ITALPRESS) &#8211; &#8220;Nonostante la guerra in Ucraina, secondo me sarebbe un errore modificare il Piano nazionale di ripresa e resilienza. Il Pnrr rappresenta per l&#8217;Italia, da un lato il dovere di realizzare le riforme, anche grazie alla centralit\u00e0 del Parlamento, dall&#8217;altro la realizzazione concreta di moltissimi progetti delle sei missioni del Piano. Se servir\u00e0 [&hellip;]<\/p>\n","protected":false},"author":18,"featured_media":102970,"comment_status":"closed","ping_status":"closed","sticky":false,"template":"","format":"standard","meta":{"ub_ctt_via":"","_mi_skip_tracking":false},"categories":[446],"tags":[783],"featured_image_src":"https:\/\/www.messinaoggi.it\/website\/wp-content\/uploads\/2022\/04\/20220401_1247.jpg","author_info":{"display_name":"Admin","author_link":"https:\/\/www.messinaoggi.it\/website\/author\/admin\/"},"digistream_id":0,"digistream":false,"_links":{"self":[{"href":"https:\/\/www.messinaoggi.it\/website\/wp-json\/wp\/v2\/posts\/102969"}],"collection":[{"href":"https:\/\/www.messinaoggi.it\/website\/wp-json\/wp\/v2\/posts"}],"about":[{"href":"https:\/\/www.messinaoggi.it\/website\/wp-json\/wp\/v2\/types\/post"}],"author":[{"embeddable":true,"href":"https:\/\/www.messinaoggi.it\/website\/wp-json\/wp\/v2\/users\/18"}],"replies":[{"embeddable":true,"href":"https:\/\/www.messinaoggi.it\/website\/wp-json\/wp\/v2\/comments?post=102969"}],"version-history":[{"count":0,"href":"https:\/\/www.messinaoggi.it\/website\/wp-json\/wp\/v2\/posts\/102969\/revisions"}],"wp:featuredmedia":[{"embeddable":true,"href":"https:\/\/www.messinaoggi.it\/website\/wp-json\/wp\/v2\/media\/102970"}],"wp:attachment":[{"href":"https:\/\/www.messinaoggi.it\/website\/wp-json\/wp\/v2\/media?parent=102969"}],"wp:term":[{"taxonomy":"category","embeddable":true,"href":"https:\/\/www.messinaoggi.it\/website\/wp-json\/wp\/v2\/categories?post=102969"},{"taxonomy":"post_tag","embeddable":true,"href":"https:\/\/www.messinaoggi.it\/website\/wp-json\/wp\/v2\/tags?post=102969"}],"curies":[{"name":"wp","href":"https:\/\/api.w.org\/{rel}","templated":true}]}}