{"id":102940,"date":"2022-04-01T14:07:37","date_gmt":"2022-04-01T12:07:37","guid":{"rendered":"https:\/\/www.messinaoggi.it\/website\/2022\/04\/01\/covid-costa-ci-sono-le-condizioni-per-unestate-senza-restrizioni\/"},"modified":"2022-04-01T14:07:37","modified_gmt":"2022-04-01T12:07:37","slug":"covid-costa-ci-sono-le-condizioni-per-unestate-senza-restrizioni","status":"publish","type":"post","link":"https:\/\/www.messinaoggi.it\/website\/2022\/04\/01\/covid-costa-ci-sono-le-condizioni-per-unestate-senza-restrizioni\/","title":{"rendered":"Covid, Costa \u201cCi sono le condizioni per un\u2019estate senza restrizioni\u201d"},"content":{"rendered":"<div>ROMA (ITALPRESS) &#8211; &#8220;Ci sono sicuramente le condizioni per arrivare a un&#8217;estate senza restrizioni. Il grande elemento di novit\u00e0 rispetto allo scorso anno \u00e8 che oggi abbiamo una platea di oltre il 92% di cittadini che sono protetti dal vaccino, e quindi questo ci permette di affrontare in modo pi\u00f9 forte e sereno anche una eventuale situazione pi\u00f9 critica nella fase post estiva&#8221;. Lo ha detto a &#8216;Start&#8217;, su Sky Tg24, il sottosegretario alla Salute Andrea Costa. &#8220;Dobbiamo per\u00f2 rivolgere un appello ai cittadini che devono completare la vaccinazione con la terza dose, perch\u00e8 \u00e8 proprio questa &#8211; ha aggiunto &#8211; che difende dalle conseguenze gravi della malattia. Completarla ci permetter\u00e0 di essere ancora pi\u00f9 forti nell&#8217;affrontare le settimane che arriveranno&#8221;.<br \/>(ITALPRESS).<\/div>\n<div id=\"div-gpt-ad-Messinaoggi.it-DSK-300x250-corpoart\" style=\"text-align:center;margin:0 auto;\"><\/div><\/p><div id=\"videoincontent\" style=\"clear:both\";><\/div>","protected":false},"excerpt":{"rendered":"<p>ROMA (ITALPRESS) &#8211; &#8220;Ci sono sicuramente le condizioni per arrivare a un&#8217;estate senza restrizioni. Il grande elemento di novit\u00e0 rispetto allo scorso anno \u00e8 che oggi abbiamo una platea di oltre il 92% di cittadini che sono protetti dal vaccino, e quindi questo ci permette di affrontare in modo pi\u00f9 forte e sereno anche una [&hellip;]<\/p>\n","protected":false},"author":18,"featured_media":102941,"comment_status":"closed","ping_status":"closed","sticky":false,"template":"","format":"standard","meta":{"ub_ctt_via":"","_mi_skip_tracking":false},"categories":[446],"tags":[783],"featured_image_src":"https:\/\/www.messinaoggi.it\/website\/wp-content\/uploads\/2022\/04\/20220401_0584.jpg","author_info":{"display_name":"Admin","author_link":"https:\/\/www.messinaoggi.it\/website\/author\/admin\/"},"digistream_id":0,"digistream":false,"_links":{"self":[{"href":"https:\/\/www.messinaoggi.it\/website\/wp-json\/wp\/v2\/posts\/102940"}],"collection":[{"href":"https:\/\/www.messinaoggi.it\/website\/wp-json\/wp\/v2\/posts"}],"about":[{"href":"https:\/\/www.messinaoggi.it\/website\/wp-json\/wp\/v2\/types\/post"}],"author":[{"embeddable":true,"href":"https:\/\/www.messinaoggi.it\/website\/wp-json\/wp\/v2\/users\/18"}],"replies":[{"embeddable":true,"href":"https:\/\/www.messinaoggi.it\/website\/wp-json\/wp\/v2\/comments?post=102940"}],"version-history":[{"count":0,"href":"https:\/\/www.messinaoggi.it\/website\/wp-json\/wp\/v2\/posts\/102940\/revisions"}],"wp:featuredmedia":[{"embeddable":true,"href":"https:\/\/www.messinaoggi.it\/website\/wp-json\/wp\/v2\/media\/102941"}],"wp:attachment":[{"href":"https:\/\/www.messinaoggi.it\/website\/wp-json\/wp\/v2\/media?parent=102940"}],"wp:term":[{"taxonomy":"category","embeddable":true,"href":"https:\/\/www.messinaoggi.it\/website\/wp-json\/wp\/v2\/categories?post=102940"},{"taxonomy":"post_tag","embeddable":true,"href":"https:\/\/www.messinaoggi.it\/website\/wp-json\/wp\/v2\/tags?post=102940"}],"curies":[{"name":"wp","href":"https:\/\/api.w.org\/{rel}","templated":true}]}}