{"id":10292,"date":"2017-10-24T22:29:03","date_gmt":"2017-10-24T20:29:03","guid":{"rendered":"http:\/\/www.messinaoggi.it\/website\/?p=10292"},"modified":"2017-10-24T22:29:03","modified_gmt":"2017-10-24T20:29:03","slug":"ghartey-esce-dal-tunnel-3-reti-pesanti-per-il-pistunina","status":"publish","type":"post","link":"https:\/\/www.messinaoggi.it\/website\/2017\/10\/24\/ghartey-esce-dal-tunnel-3-reti-pesanti-per-il-pistunina\/","title":{"rendered":"Ghartey esce dal tunnel: 3 reti pesanti per il Pistunina"},"content":{"rendered":"<p style=\"text-align: justify\"><span class=\"_3oh- _58nk\"><span style=\"font-family: 'arial' , 'helvetica' , sans-serif\">Ragusa (da subentrato), Real Aci e adesso Caltagirone da titolare. Sono le tre\u00a0avversarie perforate con altrettante\u00a0segnature determinanti (hanno fruttato all&#8217;<strong>Usd Pistunina<\/strong>\u00a07 punti in tre gare)\u00a0da\u00a0<strong>Prezioso Ghartey<\/strong>, che sta\u00a0ritrovando continuit\u00e0 e fiducia dopo quasi due anni di inattivit\u00e0 per la rottura del crociato. E per uscire dal tunnel, dopo le parentesi con Viagrande e Citt\u00e0 di Messina,\u00a0il colored messinese di nascita \u00e8 dovuto tornare all&#8217;ovile:\u00a0quello stesso Pistunina nelle cui file si laure\u00f2 campione regionale Juniores nel 2013\/14.<\/span><\/span><div id=\"div-gpt-ad-Messinaoggi.it-DSK-300x250-corpoart\" style=\"text-align:center;margin:0 auto;\"><\/div><\/p>\n<p style=\"text-align: justify\"><span class=\"_3oh- _58nk\"><span style=\"font-family: 'arial' , 'helvetica' , sans-serif\"><span style=\"font-family: 'times new roman'\">&#8220;Un&#8217;annata memorabile, quella del 2014 &#8211;\u00a0ricorda l&#8217;attaccante classe &#8217;94 &#8211;\u00a0<em>Raggiungere la doppia cifra dopo 2 anni di inattivit\u00e0 sarebbe il massimo<\/em>\u00a0 .<em> Al momento, per\u00f2, <span class=\"_3oh- _58nk\" style=\"font-family: 'arial' , 'helvetica' , sans-serif\">preferisco giocare senza pensare a nulla. Il grande calcio? Penso solo\u00a0al presente,\u00a0il futuro posso soltanto costruirlo&#8221;.<\/span><\/em><\/span><\/span><\/span><div id=\"videoincontent\" style=\"clear:both\";><\/div><\/p>\n<p style=\"text-align: justify\"><span class=\"_3oh- _58nk\"><span style=\"font-family: 'arial' , 'helvetica' , sans-serif\"><span style=\"font-family: 'times new roman'\"><span style=\"font-family: 'arial'\">Dopo due gare dal primo minuto, a seguito dell&#8217;infortunio a Riccardo\u00a0Ancione,\u00a0Ghartey ci sta prendendo gusto a giocare\u00a0da titolare: &#8220;<em>In teoria dovrebbe essere cos\u00ec ma spero che chiunque giochi faccia bene. <\/em>Ovviamente vorrei giocare sempre. <em>Fare la guerra &#8211; nel senso di dare sempre il massimo &#8211;\u00a0\u00e8 il mio mestiere<\/em>&#8220;.<\/span><\/span><\/span><\/span><\/p>\n<div>\n<p style=\"text-align: justify\"><span style=\"font-family: 'arial' , 'helvetica' , sans-serif\"><span style=\"font-family: 'times new roman'\">Di certo c&#8217;\u00e8 che l&#8217;allenatore Raciti lo tiene sempre e comunque in grande considerazione e non\u00a0si stanca mai d&#8217;incoraggiarlo. Lo si pu\u00f2 notare anche durante gli allenamenti: &#8220;<em>Proprio cos\u00ec<\/em> &#8211; ammette Ghartey -. <em>Il mister cerca sempre di\u00a0darmi tanti consigli&#8221;.\u00a0<\/em><\/span><\/span><\/p>\n<p style=\"text-align: justify\"><span style=\"font-family: 'arial' , 'helvetica' , sans-serif\">Il trainer etneo\u00a0\u00a0lo ha riportato al centro dell&#8217;attacco, dopo che qualche anno fa, sempre al Pistunina, Nello Miano- un altro mister a\u00a0cui Prezioso dev&#8217;essere grato &#8211;\u00a0lo aveva sperimentato esterno destro con buoni risultati<em>: &#8220;<\/em><span class=\"_3oh- _58nk\"><em>Avevo un\u2019altra struttura, adesso sono pi\u00f9 statico e sto cercando di recuperare rapidit\u00e0 e forza esplosiva&#8221;. <\/em><\/span><\/span><\/p>\n<p style=\"text-align: justify\"><span style=\"font-family: 'arial' , 'helvetica' , sans-serif\"><span class=\"_3oh- _58nk\">Nell&#8217;attuale crescendo del Pistunina,\u00a0maturato paradossalmente proprio in un momento di emergenza d&#8217;organico con punte di almeno 6 assenti, un ruolo decisivo l&#8217;hanno avuto proprio i tre &#8220;colored &#8220;in organico: Prezioso\u00a0a parte,\u00a0Pa&#8217; Keita &#8211;\u00a0al secondo anno di fila\u00a0&#8211;\u00a0si sta adattando alla grande nell&#8217;inedito ruolo di terzino destro mentre a met\u00e0 campo\u00a0Serigne Sylla\u00a0non finisce di stupire. <\/span><\/span><\/p>\n<div style=\"text-align: justify\">\nL&#8217;exploit dei due compagni rende felice ed orgoglioso\u00a0Ghartey, che li considera due fratelli minori,\u00a0ed al quale chiediamo una descrizione delle loro caratteristiche<em>: &#8220;<span class=\"_3oh- _58nk\">Sylla \u00e8 in classe 99, potenzialmente uno dei pi\u00f9 forti dell\u2019eccellenza anche se a volte pecca di leziosit\u00e0! Pa \u00e8 un motorino si adatta ovunque e sforna prestazioni sempre sopra la sufficienza&#8221;.<\/span><\/em>\n<\/div>\n<p style=\"text-align: justify\">\n<\/div>\n<p> <\/p>\n","protected":false},"excerpt":{"rendered":"<p>Ragusa (da subentrato), Real Aci e adesso Caltagirone da titolare. Sono le tre\u00a0avversarie perforate con altrettante\u00a0segnature determinanti (hanno fruttato all&#8217;Usd Pistunina\u00a07 punti in tre gare)\u00a0da\u00a0Prezioso Ghartey, che sta\u00a0ritrovando continuit\u00e0 e fiducia dopo quasi due anni di inattivit\u00e0 per la rottura del crociato. E per uscire dal tunnel, dopo le parentesi con Viagrande e Citt\u00e0 di [&hellip;]<\/p>\n","protected":false},"author":9,"featured_media":9601,"comment_status":"closed","ping_status":"open","sticky":false,"template":"","format":"standard","meta":{"ub_ctt_via":"","_mi_skip_tracking":false},"categories":[10,9],"tags":[],"featured_image_src":"https:\/\/www.messinaoggi.it\/website\/wp-content\/uploads\/2017\/10\/IMG_3322.jpg","author_info":{"display_name":"Roberto Santoro","author_link":"https:\/\/www.messinaoggi.it\/website\/author\/r-santoro\/"},"digistream_id":0,"digistream":false,"_links":{"self":[{"href":"https:\/\/www.messinaoggi.it\/website\/wp-json\/wp\/v2\/posts\/10292"}],"collection":[{"href":"https:\/\/www.messinaoggi.it\/website\/wp-json\/wp\/v2\/posts"}],"about":[{"href":"https:\/\/www.messinaoggi.it\/website\/wp-json\/wp\/v2\/types\/post"}],"author":[{"embeddable":true,"href":"https:\/\/www.messinaoggi.it\/website\/wp-json\/wp\/v2\/users\/9"}],"replies":[{"embeddable":true,"href":"https:\/\/www.messinaoggi.it\/website\/wp-json\/wp\/v2\/comments?post=10292"}],"version-history":[{"count":0,"href":"https:\/\/www.messinaoggi.it\/website\/wp-json\/wp\/v2\/posts\/10292\/revisions"}],"wp:featuredmedia":[{"embeddable":true,"href":"https:\/\/www.messinaoggi.it\/website\/wp-json\/wp\/v2\/media\/9601"}],"wp:attachment":[{"href":"https:\/\/www.messinaoggi.it\/website\/wp-json\/wp\/v2\/media?parent=10292"}],"wp:term":[{"taxonomy":"category","embeddable":true,"href":"https:\/\/www.messinaoggi.it\/website\/wp-json\/wp\/v2\/categories?post=10292"},{"taxonomy":"post_tag","embeddable":true,"href":"https:\/\/www.messinaoggi.it\/website\/wp-json\/wp\/v2\/tags?post=10292"}],"curies":[{"name":"wp","href":"https:\/\/api.w.org\/{rel}","templated":true}]}}