{"id":102915,"date":"2022-04-01T11:00:16","date_gmt":"2022-04-01T09:00:16","guid":{"rendered":"http:\/\/www.messinaoggi.it\/website\/?p=102915"},"modified":"2022-04-01T14:18:48","modified_gmt":"2022-04-01T12:18:48","slug":"daniela-bruno-nominata-coordinatrice-lega-a-messina-pronta-a-lavorare-per-il-mio-territorio","status":"publish","type":"post","link":"https:\/\/www.messinaoggi.it\/website\/2022\/04\/01\/daniela-bruno-nominata-coordinatrice-lega-a-messina-pronta-a-lavorare-per-il-mio-territorio\/","title":{"rendered":"Daniela Bruno nominata coordinatrice Lega a Messina: \u201cPronta a lavorare per il mio territorio\u201d"},"content":{"rendered":"\n<p>\u201cRingrazio Matteo Salvini ed il segretario regionale della Lega Sicilia on. Nino Minardo per la fiducia accordatami, riconoscendo grande valore alla mia militanza\u201d. Cos\u00ec Daniela Bruno dopo essere stata nominata coordinatrice della Lega a Messina.<div id=\"div-gpt-ad-Messinaoggi.it-DSK-300x250-corpoart\" style=\"text-align:center;margin:0 auto;\"><\/div><\/p>\n\n\n\n<p>\u201cRingrazio l\u2019on.  Antonio Catalfamo, mio predecessore nel ruolo di responsabile provinciale del partito, per il lavoro fin qui svolto. &#8211; prosegue &#8211; Continuer\u00f2 a lavorare per il mio partito con la determinazione e la passione, che mi hanno sempre contraddistinta, per rispondere all\u2019esigenza di rilancio del mio territorio attraverso il modello di sviluppo concreto ed operativo gi\u00e0 realizzato dalla Lega in altre realt\u00e0 territoriali. Questo incarico mi entusiasma ma mi onera ancor pi\u00f9 di un grandissimo impegno cui intendo assolvere con solerzia e dedizione nei confronti della mia Messina, insieme a tutti coloro che mi affiancheranno durante questo percorso, soprattutto per affrontare le importanti ed imminenti sfide elettorali che ci attendono, a partire dalle elezioni amministrative.<div id=\"videoincontent\" style=\"clear:both\";><\/div><\/p>\n\n\n\n<p>\u201cPer chi mi chiede perch\u00e9 anni fa ho aderito alla Lega rispondo che sono stanca di vedere figli che vanno via da questa terra per poter costruire un futuro dignitoso in realt\u00e0 dove proprio la Lega ha saputo creare sviluppo, lavoro, servizi ed innovazione! Penso sia un modello da esportare\u2026 concretezza ed efficienza che non trovo a queste latitudini!\u201d.<\/p>\n","protected":false},"excerpt":{"rendered":"<p>\u201cRingrazio Matteo Salvini ed il segretario regionale della Lega Sicilia on. Nino Minardo per la fiducia accordatami, riconoscendo grande valore alla mia militanza\u201d. Cos\u00ec Daniela Bruno dopo essere stata nominata coordinatrice della Lega a Messina. \u201cRingrazio l\u2019on. Antonio Catalfamo, mio predecessore nel ruolo di responsabile provinciale del partito, per il lavoro fin qui svolto. &#8211; [&hellip;]<\/p>\n","protected":false},"author":8,"featured_media":102939,"comment_status":"open","ping_status":"open","sticky":false,"template":"","format":"standard","meta":{"ub_ctt_via":"","_mi_skip_tracking":false},"categories":[5],"tags":[1137,719],"featured_image_src":"https:\/\/www.messinaoggi.it\/website\/wp-content\/uploads\/2022\/04\/664E7CB9-B71E-4D00-9C18-6E5608538D74.jpeg","author_info":{"display_name":"red..me","author_link":"https:\/\/www.messinaoggi.it\/website\/author\/redstage\/"},"digistream_id":0,"digistream":false,"_links":{"self":[{"href":"https:\/\/www.messinaoggi.it\/website\/wp-json\/wp\/v2\/posts\/102915"}],"collection":[{"href":"https:\/\/www.messinaoggi.it\/website\/wp-json\/wp\/v2\/posts"}],"about":[{"href":"https:\/\/www.messinaoggi.it\/website\/wp-json\/wp\/v2\/types\/post"}],"author":[{"embeddable":true,"href":"https:\/\/www.messinaoggi.it\/website\/wp-json\/wp\/v2\/users\/8"}],"replies":[{"embeddable":true,"href":"https:\/\/www.messinaoggi.it\/website\/wp-json\/wp\/v2\/comments?post=102915"}],"version-history":[{"count":1,"href":"https:\/\/www.messinaoggi.it\/website\/wp-json\/wp\/v2\/posts\/102915\/revisions"}],"predecessor-version":[{"id":102916,"href":"https:\/\/www.messinaoggi.it\/website\/wp-json\/wp\/v2\/posts\/102915\/revisions\/102916"}],"wp:featuredmedia":[{"embeddable":true,"href":"https:\/\/www.messinaoggi.it\/website\/wp-json\/wp\/v2\/media\/102939"}],"wp:attachment":[{"href":"https:\/\/www.messinaoggi.it\/website\/wp-json\/wp\/v2\/media?parent=102915"}],"wp:term":[{"taxonomy":"category","embeddable":true,"href":"https:\/\/www.messinaoggi.it\/website\/wp-json\/wp\/v2\/categories?post=102915"},{"taxonomy":"post_tag","embeddable":true,"href":"https:\/\/www.messinaoggi.it\/website\/wp-json\/wp\/v2\/tags?post=102915"}],"curies":[{"name":"wp","href":"https:\/\/api.w.org\/{rel}","templated":true}]}}