{"id":102906,"date":"2022-04-01T10:07:38","date_gmt":"2022-04-01T08:07:38","guid":{"rendered":"https:\/\/www.messinaoggi.it\/website\/2022\/04\/01\/covid-speranza-la-gestione-della-pandemia-diventa-ordinaria\/"},"modified":"2022-04-01T10:25:29","modified_gmt":"2022-04-01T08:25:29","slug":"covid-speranza-la-gestione-della-pandemia-diventa-ordinaria","status":"publish","type":"post","link":"https:\/\/www.messinaoggi.it\/website\/2022\/04\/01\/covid-speranza-la-gestione-della-pandemia-diventa-ordinaria\/","title":{"rendered":"Covid, Speranza \u201cLa gestione della pandemia diventa ordinaria\u201d"},"content":{"rendered":"<div>ROMA (ITALPRESS) &#8211; &#8220;Da oggi cambia la gestione della pandemia: non sar\u00e0 pi\u00f9 di natura straordinaria, passeremo ad una gestione ordinaria e questo perch\u00e8 abbiamo tassi di vaccinazione molto alta ed antivirali efficaci, entriamo in una fase diversa, ma dobbiamo restare con i piedi per terra perch\u00e8 la pandemia \u00e8 ancora in corso, il virus ancora circola&#8221;. Lo ha detto il ministro della Salute, Roberto Speranza, ospite di &#8220;Radio anch&#8217;io&#8221;, su Rai Radio 1.<br \/>&#8220;Questi due anni ci hanno dato una lezione fortissima, il Servizio Sanitario Nazionale \u00e8 la cosa pi\u00f9 importante che abbiamo &#8211; ha aggiunto -. In passato non si \u00e8 investito abbastanza, oggi si chiude la stagione dei tagli, ci sono risorse che prima non c&#8217;erano, la sfida \u00e8 la ricostruzione di un nuovo SSN. Dobbiamo investire meglio e di pi\u00f9&#8221;.<br \/>(ITALPRESS).<\/div>\n<div id=\"div-gpt-ad-Messinaoggi.it-DSK-300x250-corpoart\" style=\"text-align:center;margin:0 auto;\"><\/div><\/p><div id=\"videoincontent\" style=\"clear:both\";><\/div>","protected":false},"excerpt":{"rendered":"<p>ROMA (ITALPRESS) &#8211; &#8220;Da oggi cambia la gestione della pandemia: non sar\u00e0 pi\u00f9 di natura straordinaria, passeremo ad una gestione ordinaria e questo perch\u00e8 abbiamo tassi di vaccinazione molto alta ed antivirali efficaci, entriamo in una fase diversa, ma dobbiamo restare con i piedi per terra perch\u00e8 la pandemia \u00e8 ancora in corso, il virus [&hellip;]<\/p>\n","protected":false},"author":18,"featured_media":102907,"comment_status":"closed","ping_status":"closed","sticky":false,"template":"","format":"standard","meta":{"ub_ctt_via":"","_mi_skip_tracking":false},"categories":[221,446],"tags":[783],"featured_image_src":"https:\/\/www.messinaoggi.it\/website\/wp-content\/uploads\/2022\/04\/20220401_0111.jpg","author_info":{"display_name":"Admin","author_link":"https:\/\/www.messinaoggi.it\/website\/author\/admin\/"},"digistream_id":0,"digistream":false,"_links":{"self":[{"href":"https:\/\/www.messinaoggi.it\/website\/wp-json\/wp\/v2\/posts\/102906"}],"collection":[{"href":"https:\/\/www.messinaoggi.it\/website\/wp-json\/wp\/v2\/posts"}],"about":[{"href":"https:\/\/www.messinaoggi.it\/website\/wp-json\/wp\/v2\/types\/post"}],"author":[{"embeddable":true,"href":"https:\/\/www.messinaoggi.it\/website\/wp-json\/wp\/v2\/users\/18"}],"replies":[{"embeddable":true,"href":"https:\/\/www.messinaoggi.it\/website\/wp-json\/wp\/v2\/comments?post=102906"}],"version-history":[{"count":1,"href":"https:\/\/www.messinaoggi.it\/website\/wp-json\/wp\/v2\/posts\/102906\/revisions"}],"predecessor-version":[{"id":102910,"href":"https:\/\/www.messinaoggi.it\/website\/wp-json\/wp\/v2\/posts\/102906\/revisions\/102910"}],"wp:featuredmedia":[{"embeddable":true,"href":"https:\/\/www.messinaoggi.it\/website\/wp-json\/wp\/v2\/media\/102907"}],"wp:attachment":[{"href":"https:\/\/www.messinaoggi.it\/website\/wp-json\/wp\/v2\/media?parent=102906"}],"wp:term":[{"taxonomy":"category","embeddable":true,"href":"https:\/\/www.messinaoggi.it\/website\/wp-json\/wp\/v2\/categories?post=102906"},{"taxonomy":"post_tag","embeddable":true,"href":"https:\/\/www.messinaoggi.it\/website\/wp-json\/wp\/v2\/tags?post=102906"}],"curies":[{"name":"wp","href":"https:\/\/api.w.org\/{rel}","templated":true}]}}