{"id":102883,"date":"2022-03-01T00:07:33","date_gmt":"2022-02-28T23:07:33","guid":{"rendered":"https:\/\/www.messinaoggi.it\/website\/2022\/03\/31\/covid-speranza-avere-fiducia-ma-mantenere-i-piedi-per-terra\/"},"modified":"2022-04-01T08:50:26","modified_gmt":"2022-04-01T06:50:26","slug":"covid-speranza-avere-fiducia-ma-mantenere-i-piedi-per-terra","status":"publish","type":"post","link":"https:\/\/www.messinaoggi.it\/website\/2022\/03\/01\/covid-speranza-avere-fiducia-ma-mantenere-i-piedi-per-terra\/","title":{"rendered":"Covid, Speranza \u201cAvere fiducia ma mantenere i piedi per terra\u201d"},"content":{"rendered":"<div>ROMA (ITALPRESS) &#8211; &#8220;E&#8217; un giorno importante, dobbiamo avere fiducia e mantenere i piedi per terra, perch\u00e8 la pandemia c&#8217;\u00e8 ancora, ma non l&#8217;affronteremo pi\u00f9 con strumenti straordinari ma con strumenti ordinari. Voglio ringraziare il personale sanitario che ha svolto un lavoro incredibile, il generale Figliolo, il Cts, gli scienziati e gli italiani che sono stati attenti e hanno svolto una missione positiva per il Paese&#8221;. A dirlo il ministro della Salute Roberto Speranza, al Tg1, in merito alla fine dello stato di emergenza per il Covid-19.<br \/>&#8220;La campagna vaccinale \u00e8 stata la svolta di questi due anni &#8211; ha aggiunto -, se oggi il nostro Paese vive una situazione diversa \u00e8 grazie al fatto che abbiamo fatto una campagna con delle percentuali di vaccinati tra le pi\u00f9 alte al mondo, ma ci sono ancora persone che non hanno ancora fatto la prima dose: faccio appello a tutti perch\u00e8 se abbiamo evitato le chiusure \u00e8 stato grazie ai vaccini, che restano uno strumento fondamentale nella fase che verr\u00e0&#8221;.<br \/>(ITALPRESS).<\/div>\n<div id=\"div-gpt-ad-Messinaoggi.it-DSK-300x250-corpoart\" style=\"text-align:center;margin:0 auto;\"><\/div><\/p><div id=\"videoincontent\" style=\"clear:both\";><\/div>","protected":false},"excerpt":{"rendered":"<p>ROMA (ITALPRESS) &#8211; &#8220;E&#8217; un giorno importante, dobbiamo avere fiducia e mantenere i piedi per terra, perch\u00e8 la pandemia c&#8217;\u00e8 ancora, ma non l&#8217;affronteremo pi\u00f9 con strumenti straordinari ma con strumenti ordinari. Voglio ringraziare il personale sanitario che ha svolto un lavoro incredibile, il generale Figliolo, il Cts, gli scienziati e gli italiani che sono [&hellip;]<\/p>\n","protected":false},"author":18,"featured_media":102884,"comment_status":"closed","ping_status":"closed","sticky":false,"template":"","format":"standard","meta":{"ub_ctt_via":"","_mi_skip_tracking":false},"categories":[221,446],"tags":[783],"featured_image_src":"https:\/\/www.messinaoggi.it\/website\/wp-content\/uploads\/2022\/03\/20220331_2085.jpg","author_info":{"display_name":"Admin","author_link":"https:\/\/www.messinaoggi.it\/website\/author\/admin\/"},"digistream_id":0,"digistream":false,"_links":{"self":[{"href":"https:\/\/www.messinaoggi.it\/website\/wp-json\/wp\/v2\/posts\/102883"}],"collection":[{"href":"https:\/\/www.messinaoggi.it\/website\/wp-json\/wp\/v2\/posts"}],"about":[{"href":"https:\/\/www.messinaoggi.it\/website\/wp-json\/wp\/v2\/types\/post"}],"author":[{"embeddable":true,"href":"https:\/\/www.messinaoggi.it\/website\/wp-json\/wp\/v2\/users\/18"}],"replies":[{"embeddable":true,"href":"https:\/\/www.messinaoggi.it\/website\/wp-json\/wp\/v2\/comments?post=102883"}],"version-history":[{"count":1,"href":"https:\/\/www.messinaoggi.it\/website\/wp-json\/wp\/v2\/posts\/102883\/revisions"}],"predecessor-version":[{"id":102888,"href":"https:\/\/www.messinaoggi.it\/website\/wp-json\/wp\/v2\/posts\/102883\/revisions\/102888"}],"wp:featuredmedia":[{"embeddable":true,"href":"https:\/\/www.messinaoggi.it\/website\/wp-json\/wp\/v2\/media\/102884"}],"wp:attachment":[{"href":"https:\/\/www.messinaoggi.it\/website\/wp-json\/wp\/v2\/media?parent=102883"}],"wp:term":[{"taxonomy":"category","embeddable":true,"href":"https:\/\/www.messinaoggi.it\/website\/wp-json\/wp\/v2\/categories?post=102883"},{"taxonomy":"post_tag","embeddable":true,"href":"https:\/\/www.messinaoggi.it\/website\/wp-json\/wp\/v2\/tags?post=102883"}],"curies":[{"name":"wp","href":"https:\/\/api.w.org\/{rel}","templated":true}]}}