{"id":102881,"date":"2022-03-31T21:07:32","date_gmt":"2022-03-31T19:07:32","guid":{"rendered":"https:\/\/www.messinaoggi.it\/website\/2022\/03\/31\/guerini-sulle-spese-militari-confermato-lobiettivo-gia-stabilito\/"},"modified":"2022-03-31T21:07:32","modified_gmt":"2022-03-31T19:07:32","slug":"guerini-sulle-spese-militari-confermato-lobiettivo-gia-stabilito","status":"publish","type":"post","link":"https:\/\/www.messinaoggi.it\/website\/2022\/03\/31\/guerini-sulle-spese-militari-confermato-lobiettivo-gia-stabilito\/","title":{"rendered":"Guerini \u201cSulle spese militari confermato l\u2019obiettivo gi\u00e0 stabilito\u201d"},"content":{"rendered":"<div>ROMA (ITALPRESS) &#8211; &#8220;Non \u00e8 stata una mediazione, \u00e8 stata la conferma di un obiettivo gi\u00e0 stabilito: la crescita graduale delle spese militari che facesse dell&#8217;Italia un attore credibile nello scenario internazionale&#8221;. Lo ha detto il ministro della Difesa Lorenzo Guerini, ai microfoni del Tg1, in merito all&#8217;accordo nella maggioranza sulle spese militari.<br \/>\nSulla soglia di spesa del 2% del Pil &#8220;nel 2014 si era definito l&#8217;orizzonte temporale del 2024, ma quando mi sono insediato avevo detto che sarebbe stato un percorso compatibile con le disponibilit\u00e0 finanziarie e che probabilmente si sarebbe andati oltre il 2024&#8221;, ha aggiunto Guerini, per il quale &#8220;investire nella difesa significa investire nella sicurezza della nostra comunit\u00e0 e dei nostri cittadini, significa investire in tecnologia e sovranit\u00e0, non vedo dicotomia con altre spese. Il Governo sta facendo tante cose a sostegno delle famiglie e delle imprese&#8221;.<br \/>\n(ITALPRESS).<\/div>\n<div id=\"div-gpt-ad-Messinaoggi.it-DSK-300x250-corpoart\" style=\"text-align:center;margin:0 auto;\"><\/div><\/p><div id=\"videoincontent\" style=\"clear:both\";><\/div>","protected":false},"excerpt":{"rendered":"<p>ROMA (ITALPRESS) &#8211; &#8220;Non \u00e8 stata una mediazione, \u00e8 stata la conferma di un obiettivo gi\u00e0 stabilito: la crescita graduale delle spese militari che facesse dell&#8217;Italia un attore credibile nello scenario internazionale&#8221;. Lo ha detto il ministro della Difesa Lorenzo Guerini, ai microfoni del Tg1, in merito all&#8217;accordo nella maggioranza sulle spese militari. Sulla soglia [&hellip;]<\/p>\n","protected":false},"author":18,"featured_media":102882,"comment_status":"closed","ping_status":"closed","sticky":false,"template":"","format":"standard","meta":{"ub_ctt_via":"","_mi_skip_tracking":false},"categories":[446],"tags":[783],"featured_image_src":"https:\/\/www.messinaoggi.it\/website\/wp-content\/uploads\/2022\/03\/20220331_2038.jpg","author_info":{"display_name":"Admin","author_link":"https:\/\/www.messinaoggi.it\/website\/author\/admin\/"},"digistream_id":0,"digistream":false,"_links":{"self":[{"href":"https:\/\/www.messinaoggi.it\/website\/wp-json\/wp\/v2\/posts\/102881"}],"collection":[{"href":"https:\/\/www.messinaoggi.it\/website\/wp-json\/wp\/v2\/posts"}],"about":[{"href":"https:\/\/www.messinaoggi.it\/website\/wp-json\/wp\/v2\/types\/post"}],"author":[{"embeddable":true,"href":"https:\/\/www.messinaoggi.it\/website\/wp-json\/wp\/v2\/users\/18"}],"replies":[{"embeddable":true,"href":"https:\/\/www.messinaoggi.it\/website\/wp-json\/wp\/v2\/comments?post=102881"}],"version-history":[{"count":0,"href":"https:\/\/www.messinaoggi.it\/website\/wp-json\/wp\/v2\/posts\/102881\/revisions"}],"wp:featuredmedia":[{"embeddable":true,"href":"https:\/\/www.messinaoggi.it\/website\/wp-json\/wp\/v2\/media\/102882"}],"wp:attachment":[{"href":"https:\/\/www.messinaoggi.it\/website\/wp-json\/wp\/v2\/media?parent=102881"}],"wp:term":[{"taxonomy":"category","embeddable":true,"href":"https:\/\/www.messinaoggi.it\/website\/wp-json\/wp\/v2\/categories?post=102881"},{"taxonomy":"post_tag","embeddable":true,"href":"https:\/\/www.messinaoggi.it\/website\/wp-json\/wp\/v2\/tags?post=102881"}],"curies":[{"name":"wp","href":"https:\/\/api.w.org\/{rel}","templated":true}]}}