{"id":102857,"date":"2022-03-31T20:02:35","date_gmt":"2022-03-31T18:02:35","guid":{"rendered":"https:\/\/www.messinaoggi.it\/website\/2022\/03\/31\/lavoro-a-palermo-ristorazione-e-logistica-i-settori-trainanti-del-2021\/"},"modified":"2022-03-31T20:02:35","modified_gmt":"2022-03-31T18:02:35","slug":"lavoro-a-palermo-ristorazione-e-logistica-i-settori-trainanti-del-2021","status":"publish","type":"post","link":"https:\/\/www.messinaoggi.it\/website\/2022\/03\/31\/lavoro-a-palermo-ristorazione-e-logistica-i-settori-trainanti-del-2021\/","title":{"rendered":"Lavoro a Palermo, ristorazione e logistica i settori trainanti del 2021"},"content":{"rendered":"<div>\n<p>PALERMO (ITALPRESS) \u2013 Con l\u2019avvento della pandemia da Covid-19 il mondo ha subito profonde trasformazioni, sia nell\u2019ambito della sfera privata di ciascun individuo, che in tutti gli ambiti del business. Non ha fatto eccezione il mondo del lavoro, che ha visto accelerare un processo evolutivo gi\u00e0 molto visibile. Per raccontare meglio queste trasformazioni, Andrea Malacrida, Amministratore Delegato di Adecco, ha presentato a Palermo il libro \u201cImmaginare il lavoro\u201d, edito da Marsilio Editori e in vendita nelle librerie Feltrinelli e sui principali store online. Si tratta di una profonda analisi del mondo del lavoro italiano, all\u2019interno della quale spiccano alcune linee guida su cui il Paese dovr\u00e0 lavorare per non rischiare di vedere svanire una delle pi\u00f9 grandi opportunit\u00e0 degli ultimi decenni: il PNRR.<br \/>Infatti, se l\u2019Italia non sar\u00e0 in grado di implementare politiche del lavoro utili a dare in mano a donne, uomini e giovani gli strumenti cognitivi necessari per affrontare la ripartenza, le risorse provenienti dal PNRR rischiano di essere un\u2019occasione persa per tutto il sistema economico nazionale. <br \/>I settori trainanti nella provincia di Palermo nel corso del 2021 sono stati la ristorazione e la logistica. I profili pi\u00f9 in crescita e ricercati rispetto al 2020 sono, infatti, i camerieri (+122%), i corrieri, fattorini e facchini (+116%) e i parrucchieri, le cui ricerche sono cresciute del 103%. Rilevanti anche il quarto e il quinto posto, occupati rispettivamente dai rappresentanti di commercio e dagli addetti alla gestione del magazzino, le cui ricerche sono cresciute del 98 e del 94% rispetto al 2020.<br \/>La situazione risulta abbastanza simile anche a livello regionale. Anche in Sicilia, infatti, i profili pi\u00f9 in crescita sono i camerieri (+151%), secondo posto per gli addetti alla cucina, le cui ricerche sono cresciute del 144%, e terza posizione per gli addetti alla gestione del magazzino (+134%). Quarto e quinto posto invece per addetti alla logistica come corrieri, fattorini e facchini e per gli addetti all\u2019informazione che crescono rispettivamente del 127 e del 111% rispetto all\u2019anno precedente. <br \/>\u201cL\u2019obiettivo di questo libro \u00e8 raccontare e spiegare a tutti cosa sta accadendo nel mondo del lavoro di oggi. Infatti, al contrario di ci\u00f2 che accadeva negli anni Novanta, periodo in cui il lavoro era stabile e si respirava un\u2019aria di ottimismo, oggi siamo davanti a uno scenario molto pi\u00f9 fluido e incerto, in cui spesso mancano punti di riferimento in grado di orientare \u2013 spiega <br \/>Andrea Malacrida, autore di \u201cImmaginare il lavoro\u201d -. Questo provoca, soprattutto nei giovani, paure e sfiducia nei confronti del futuro e della societ\u00e0 e indecisione sul percorso di studi da scegliere per la realizzazione del proprio potenziale. Spero vivamente che questa iniziativa possa essere uno stimolo per accelerare il processo di costruzione di un\u2019Italia con un mercato del lavoro davvero moderno\u201d.<br \/>(ITALPRESS).<div id=\"div-gpt-ad-Messinaoggi.it-DSK-300x250-corpoart\" style=\"text-align:center;margin:0 auto;\"><\/div><\/p>\n<\/div>\n<div id=\"videoincontent\" style=\"clear:both\";><\/div>","protected":false},"excerpt":{"rendered":"<p>PALERMO (ITALPRESS) \u2013 Con l\u2019avvento della pandemia da Covid-19 il mondo ha subito profonde trasformazioni, sia nell\u2019ambito della sfera privata di ciascun individuo, che in tutti gli ambiti del business. Non ha fatto eccezione il mondo del lavoro, che ha visto accelerare un processo evolutivo gi\u00e0 molto visibile. Per raccontare meglio queste trasformazioni, Andrea Malacrida, [&hellip;]<\/p>\n","protected":false},"author":18,"featured_media":102858,"comment_status":"closed","ping_status":"closed","sticky":false,"template":"","format":"standard","meta":{"ub_ctt_via":"","_mi_skip_tracking":false},"categories":[2449],"tags":[783],"featured_image_src":"https:\/\/www.messinaoggi.it\/website\/wp-content\/uploads\/2022\/03\/20220331_1925.jpg","author_info":{"display_name":"Admin","author_link":"https:\/\/www.messinaoggi.it\/website\/author\/admin\/"},"digistream_id":0,"digistream":false,"_links":{"self":[{"href":"https:\/\/www.messinaoggi.it\/website\/wp-json\/wp\/v2\/posts\/102857"}],"collection":[{"href":"https:\/\/www.messinaoggi.it\/website\/wp-json\/wp\/v2\/posts"}],"about":[{"href":"https:\/\/www.messinaoggi.it\/website\/wp-json\/wp\/v2\/types\/post"}],"author":[{"embeddable":true,"href":"https:\/\/www.messinaoggi.it\/website\/wp-json\/wp\/v2\/users\/18"}],"replies":[{"embeddable":true,"href":"https:\/\/www.messinaoggi.it\/website\/wp-json\/wp\/v2\/comments?post=102857"}],"version-history":[{"count":0,"href":"https:\/\/www.messinaoggi.it\/website\/wp-json\/wp\/v2\/posts\/102857\/revisions"}],"wp:featuredmedia":[{"embeddable":true,"href":"https:\/\/www.messinaoggi.it\/website\/wp-json\/wp\/v2\/media\/102858"}],"wp:attachment":[{"href":"https:\/\/www.messinaoggi.it\/website\/wp-json\/wp\/v2\/media?parent=102857"}],"wp:term":[{"taxonomy":"category","embeddable":true,"href":"https:\/\/www.messinaoggi.it\/website\/wp-json\/wp\/v2\/categories?post=102857"},{"taxonomy":"post_tag","embeddable":true,"href":"https:\/\/www.messinaoggi.it\/website\/wp-json\/wp\/v2\/tags?post=102857"}],"curies":[{"name":"wp","href":"https:\/\/api.w.org\/{rel}","templated":true}]}}