{"id":102854,"date":"2022-03-31T19:48:58","date_gmt":"2022-03-31T17:48:58","guid":{"rendered":"http:\/\/www.messinaoggi.it\/website\/?p=102854"},"modified":"2022-03-31T19:48:59","modified_gmt":"2022-03-31T17:48:59","slug":"ali-terme-riaperta-la-statale-114","status":"publish","type":"post","link":"https:\/\/www.messinaoggi.it\/website\/2022\/03\/31\/ali-terme-riaperta-la-statale-114\/","title":{"rendered":"Al\u00ec Terme, riaperta la Statale 114"},"content":{"rendered":"\n<p>E&#8217; stata riaperta al traffico una corsia della Statale 114, nel tratto interessato\u00a0<a href=\"https:\/\/www.tempostretto.it\/news\/ali-terme-edificio-disabitato-crolla-in-strada-chiusa-la-114-foto.html\">dal crollo parziale dello stabile<\/a>\u00a0di propriet\u00e0 della Societ\u00e0 Termale Al\u00ec in liquidazione, dal km 23+300 al km 23+350. Lo ha reso noto il sindaco di Al\u00ec Terme, Carlo Giaquinta. La riapertura \u00e8 avvenuta solo parzialmente &#8220;nell\u2019attesa \u2013 ha spiegato il primo cittadino di Al\u00ec Terme \u2013 che vengano completati i lavori di messa in sicurezza della parete lato monte, limitrofa alla linea ferrata, che consentiranno la completa riapertura al transito dell\u2019intero tratto stradale&#8221;.<div id=\"div-gpt-ad-Messinaoggi.it-DSK-300x250-corpoart\" style=\"text-align:center;margin:0 auto;\"><\/div><\/p>\n<div id=\"videoincontent\" style=\"clear:both\";><\/div>","protected":false},"excerpt":{"rendered":"<p>E&#8217; stata riaperta al traffico una corsia della Statale 114, nel tratto interessato\u00a0dal crollo parziale dello stabile\u00a0di propriet\u00e0 della Societ\u00e0 Termale Al\u00ec in liquidazione, dal km 23+300 al km 23+350. Lo ha reso noto il sindaco di Al\u00ec Terme, Carlo Giaquinta. La riapertura \u00e8 avvenuta solo parzialmente &#8220;nell\u2019attesa \u2013 ha spiegato il primo cittadino di [&hellip;]<\/p>\n","protected":false},"author":4,"featured_media":102855,"comment_status":"open","ping_status":"open","sticky":false,"template":"","format":"standard","meta":{"ub_ctt_via":"","_mi_skip_tracking":false},"categories":[6],"tags":[1417],"featured_image_src":"https:\/\/www.messinaoggi.it\/website\/wp-content\/uploads\/2022\/03\/IMG-20220331-WA0078.jpg","author_info":{"display_name":"redme","author_link":"https:\/\/www.messinaoggi.it\/website\/author\/redme\/"},"digistream_id":0,"digistream":false,"_links":{"self":[{"href":"https:\/\/www.messinaoggi.it\/website\/wp-json\/wp\/v2\/posts\/102854"}],"collection":[{"href":"https:\/\/www.messinaoggi.it\/website\/wp-json\/wp\/v2\/posts"}],"about":[{"href":"https:\/\/www.messinaoggi.it\/website\/wp-json\/wp\/v2\/types\/post"}],"author":[{"embeddable":true,"href":"https:\/\/www.messinaoggi.it\/website\/wp-json\/wp\/v2\/users\/4"}],"replies":[{"embeddable":true,"href":"https:\/\/www.messinaoggi.it\/website\/wp-json\/wp\/v2\/comments?post=102854"}],"version-history":[{"count":1,"href":"https:\/\/www.messinaoggi.it\/website\/wp-json\/wp\/v2\/posts\/102854\/revisions"}],"predecessor-version":[{"id":102856,"href":"https:\/\/www.messinaoggi.it\/website\/wp-json\/wp\/v2\/posts\/102854\/revisions\/102856"}],"wp:featuredmedia":[{"embeddable":true,"href":"https:\/\/www.messinaoggi.it\/website\/wp-json\/wp\/v2\/media\/102855"}],"wp:attachment":[{"href":"https:\/\/www.messinaoggi.it\/website\/wp-json\/wp\/v2\/media?parent=102854"}],"wp:term":[{"taxonomy":"category","embeddable":true,"href":"https:\/\/www.messinaoggi.it\/website\/wp-json\/wp\/v2\/categories?post=102854"},{"taxonomy":"post_tag","embeddable":true,"href":"https:\/\/www.messinaoggi.it\/website\/wp-json\/wp\/v2\/tags?post=102854"}],"curies":[{"name":"wp","href":"https:\/\/api.w.org\/{rel}","templated":true}]}}