{"id":102837,"date":"2022-03-31T18:07:37","date_gmt":"2022-03-31T16:07:37","guid":{"rendered":"https:\/\/www.messinaoggi.it\/website\/2022\/03\/31\/dalla-riforma-biagi-ai-nuovi-lavori-lugl-ricorda-il-giuslavorista\/"},"modified":"2022-03-31T18:07:37","modified_gmt":"2022-03-31T16:07:37","slug":"dalla-riforma-biagi-ai-nuovi-lavori-lugl-ricorda-il-giuslavorista","status":"publish","type":"post","link":"https:\/\/www.messinaoggi.it\/website\/2022\/03\/31\/dalla-riforma-biagi-ai-nuovi-lavori-lugl-ricorda-il-giuslavorista\/","title":{"rendered":"\u201cDalla riforma Biagi ai nuovi lavori\u201d, l\u2019Ugl ricorda il giuslavorista"},"content":{"rendered":"<div>ROMA (ITALPRESS) &#8211; Si \u00e8 svolto a Roma, presso Palazzo Wedekind, l&#8217;evento &#8220;Dalla riforma Biagi ai nuovi lavori&#8221; organizzato dall&#8217;UGL, sulla figura di Marco Biagi, docente di Diritto del Lavoro e consulente del Ministero del Lavoro, a vent&#8217;anni dal suo assassinio.<br \/>&#8220;Vogliamo commemorare il Marco Biagi vivo, cio\u00e8 la persona che non solo va onorata per il sacrificio consapevole, ma che occorre anche riscoprire &#8211; afferma Maurizio Sacconi, gi\u00e0 ministro del Lavoro e autore del libro &#8220;Il modo di Biagi&#8221; -. Viviamo un periodo di insicurezze che si ripercuotono inevitabilmente sul mondo del lavoro, in tal senso, abbiamo bisogno di chi ci disse di non affidarci esclusivamente alle tutele difensive del &#8216;900. Il mercato del lavoro sta mutando a tal punto che oggi si stanno esaurendo anche gli strumenti tradizionali. Pertanto, \u00e8 pi\u00f9 che mai attuale l&#8217;insegnamento di Marco Biagi, fondato su flessibilit\u00e0 e prossimit\u00e0 del mercato del lavoro&#8221;.<br \/>Per Pasquale Viespoli, gi\u00e0 sottosegretario al Lavoro, &#8220;nella cultura del Libro Bianco del lavoro, che esprimeva un disegno e un itinerario di riforma del mondo occupazionale, c&#8217;\u00e8 il tema della democrazia economica, della partecipazione, del riconoscimento di un&#8217;Italia che progressivamente ha vissuto una desertificazione dei soggetti sociali&#8221;.<br \/>Secondo Paolo Capone, segretario generale dell&#8217;UGL, &#8220;Marco Biagi aveva intuito che per rispondere alle radicali trasformazioni in corso nel mondo del lavoro e dare tutela e diritti alle nuove tipologie di occupazione \u00e8 fondamentale garantire maggiore flessibilit\u00e0. La sua visione espressa nel Libro Bianco era incentrata sulla riforma delle politiche attive e sull&#8217;attuazione di programmi di formazione, presupposto essenziale per rilanciare l&#8217;occupazione. Biagi era un sostenitore del dialogo fra tutte le parti sociali, un elemento imprescindibile per rimettere al centro la dignit\u00e0 del lavoratore. Il pensiero di Biagi offre molti spunti al dibattito attuale, penso in particolare alla necessit\u00e0 di rafforzare e difendere la contrattazione collettiva dai tentativi volti ad indebolirla attraverso leggi calate dall&#8217;alto a danno dei lavoratori&#8221;.<br \/>Giulio Romani, segretario Confederale Cisl, come delegato di Luigi Sbarra, segretario generale Cisl, ha affermato che &#8220;sebbene ci troviamo in un momento di crisi della rappresentanza, il sindacato continua a essere un soggetto autorevole e presente sul territorio. Permane un bisogno di rappresentanza da parte del mondo del lavoro che si riscontra nell&#8217;adesione alle organizzazioni sindacali. Nel tempo l&#8217;evoluzione del mercato del lavoro ha messo a dura prova il sindacato nel suo rapporto con la politica. In tal senso, occorre costruire un nuovo modello di relazioni fra le parti sociali e il mondo istituzionale, che non si trinceri dietro le novit\u00e0, ma che sappia interpretare i processi di transizione in corso&#8221;.<br \/>Per Natale Forlani, gi\u00e0 amministratore delegato di Italia Lavoro, &#8220;Biagi aveva ben presente che la flessibilit\u00e0 poteva essere una opportunit\u00e0 per migliorare le tutele e i diritti del lavoratore. La sfida del Libro Bianco era proprio quella di regolare la flessibilit\u00e0 investendo sulla competenza delle persone. Il reddito di cittadinanza \u00e8 uno degli esempi della controriforma successiva fondata esclusivamente sulla logica dei sussidi&#8221;.<br \/>(ITALPRESS).<\/div>\n<div id=\"div-gpt-ad-Messinaoggi.it-DSK-300x250-corpoart\" style=\"text-align:center;margin:0 auto;\"><\/div><\/p><div id=\"videoincontent\" style=\"clear:both\";><\/div>","protected":false},"excerpt":{"rendered":"<p>ROMA (ITALPRESS) &#8211; Si \u00e8 svolto a Roma, presso Palazzo Wedekind, l&#8217;evento &#8220;Dalla riforma Biagi ai nuovi lavori&#8221; organizzato dall&#8217;UGL, sulla figura di Marco Biagi, docente di Diritto del Lavoro e consulente del Ministero del Lavoro, a vent&#8217;anni dal suo assassinio.&#8220;Vogliamo commemorare il Marco Biagi vivo, cio\u00e8 la persona che non solo va onorata per [&hellip;]<\/p>\n","protected":false},"author":18,"featured_media":102838,"comment_status":"closed","ping_status":"closed","sticky":false,"template":"","format":"standard","meta":{"ub_ctt_via":"","_mi_skip_tracking":false},"categories":[446],"tags":[783],"featured_image_src":"https:\/\/www.messinaoggi.it\/website\/wp-content\/uploads\/2022\/03\/20220331_1635.jpg","author_info":{"display_name":"Admin","author_link":"https:\/\/www.messinaoggi.it\/website\/author\/admin\/"},"digistream_id":0,"digistream":false,"_links":{"self":[{"href":"https:\/\/www.messinaoggi.it\/website\/wp-json\/wp\/v2\/posts\/102837"}],"collection":[{"href":"https:\/\/www.messinaoggi.it\/website\/wp-json\/wp\/v2\/posts"}],"about":[{"href":"https:\/\/www.messinaoggi.it\/website\/wp-json\/wp\/v2\/types\/post"}],"author":[{"embeddable":true,"href":"https:\/\/www.messinaoggi.it\/website\/wp-json\/wp\/v2\/users\/18"}],"replies":[{"embeddable":true,"href":"https:\/\/www.messinaoggi.it\/website\/wp-json\/wp\/v2\/comments?post=102837"}],"version-history":[{"count":0,"href":"https:\/\/www.messinaoggi.it\/website\/wp-json\/wp\/v2\/posts\/102837\/revisions"}],"wp:featuredmedia":[{"embeddable":true,"href":"https:\/\/www.messinaoggi.it\/website\/wp-json\/wp\/v2\/media\/102838"}],"wp:attachment":[{"href":"https:\/\/www.messinaoggi.it\/website\/wp-json\/wp\/v2\/media?parent=102837"}],"wp:term":[{"taxonomy":"category","embeddable":true,"href":"https:\/\/www.messinaoggi.it\/website\/wp-json\/wp\/v2\/categories?post=102837"},{"taxonomy":"post_tag","embeddable":true,"href":"https:\/\/www.messinaoggi.it\/website\/wp-json\/wp\/v2\/tags?post=102837"}],"curies":[{"name":"wp","href":"https:\/\/api.w.org\/{rel}","templated":true}]}}