{"id":10280,"date":"2017-10-24T19:24:34","date_gmt":"2017-10-24T17:24:34","guid":{"rendered":"http:\/\/www.messinaoggi.it\/website\/?p=10280"},"modified":"2017-10-24T19:24:34","modified_gmt":"2017-10-24T17:24:34","slug":"eccellenza-il-giarre-esonera-lallenatore-mirto","status":"publish","type":"post","link":"https:\/\/www.messinaoggi.it\/website\/2017\/10\/24\/eccellenza-il-giarre-esonera-lallenatore-mirto\/","title":{"rendered":"Eccellenza, il Giarre esonera l&#039;allenatore Mirto"},"content":{"rendered":"<div style=\"text-align: justify;\">\n<span style=\"font-family: 'arial' , 'helvetica' , sans-serif;\"><strong>Gaetano Mirto<\/strong> non \u00e8 pi\u00f9 l&#8217;allenatore del <strong>Giarre<\/strong>. Una decisione ufficializzata nel tardo pomeriggio di oggi dal club etneo militante nel girone B di Eccellenza, ossia lo stesso in cui ricadono le quattro peloritane (Camaro, Citt\u00e0 di Messina, Citt\u00e0 di S.Agata e Pistunina). <\/span>\n<\/div>\n<div>\n<p style=\"text-align: justify;\"><span style=\"font-family: 'arial' , 'helvetica' , sans-serif;\">Di seguito il comunicato del sodalizio giallobl\u00f9: &#8220;<em>L&#8217; ASD Giarre 1946 del Presidente Giulio Nirelli, ha interrotto il rapporto professionale con il tecnico randazzese Gaetano Mirto. Dopo un&#8217;attenta analisi del momento della squadra, i vertici del club giallobl\u00f9 presieduto dal patron Giulio Nirelli,hanno deciso di optare per una nuova soluzione in materia di guida del collettivo. La societ\u00e0 ha pertanto ritenuto che la squadra, anche al fine di essere scossa sotto il profilo delle motivazioni, dovesse essere affidata ad un nuov<span class=\"text_exposed_show\">o timoniere (<strong>Peppe Mascara, con Angelo Sciuto vice<\/strong>, ndr). La fiducia all&#8217;allenatore ex Leonfortese e Castiglione, non \u00e8 stata quindi rinnovata. La conclusione del percorso lavorativo di Mirto nel club giallobl\u00f9, non scalfisce comunque la stima dell&#8217;ambiente societario nei confronti di un allenatore che in passato ha scritto importanti pagine di calcio anche a Giarre, regalando alla predetta piazza una promozione in Eccellenza. L&#8217;augurio \u00e8 che Gaetano Mirto possa rimpolpare la sua carriera di allenatore con risultati di prestigio presso altre realt\u00e0 calcistiche&#8221;.<\/span><\/em><\/span><div id=\"div-gpt-ad-Messinaoggi.it-DSK-300x250-corpoart\" style=\"text-align:center;margin:0 auto;\"><\/div><\/p>\n<p><strong>Nella foto, tratta da pagina facebook del Giarre, l&#8217;ormai ex allenatore giallobl\u00f9 Gaetano Mirto<\/strong>\n<\/div>\n<p> <div id=\"videoincontent\" style=\"clear:both\";><\/div><\/p>\n","protected":false},"excerpt":{"rendered":"<p>Gaetano Mirto non \u00e8 pi\u00f9 l&#8217;allenatore del Giarre. Una decisione ufficializzata nel tardo pomeriggio di oggi dal club etneo militante nel girone B di Eccellenza, ossia lo stesso in cui ricadono le quattro peloritane (Camaro, Citt\u00e0 di Messina, Citt\u00e0 di S.Agata e Pistunina). Di seguito il comunicato del sodalizio giallobl\u00f9: &#8220;L&#8217; ASD Giarre 1946 del [&hellip;]<\/p>\n","protected":false},"author":9,"featured_media":10281,"comment_status":"closed","ping_status":"open","sticky":false,"template":"","format":"standard","meta":{"ub_ctt_via":"","_mi_skip_tracking":false},"categories":[10,9],"tags":[],"featured_image_src":"https:\/\/www.messinaoggi.it\/website\/wp-content\/uploads\/2017\/10\/mirto.jpg","author_info":{"display_name":"Roberto Santoro","author_link":"https:\/\/www.messinaoggi.it\/website\/author\/r-santoro\/"},"digistream_id":0,"digistream":false,"_links":{"self":[{"href":"https:\/\/www.messinaoggi.it\/website\/wp-json\/wp\/v2\/posts\/10280"}],"collection":[{"href":"https:\/\/www.messinaoggi.it\/website\/wp-json\/wp\/v2\/posts"}],"about":[{"href":"https:\/\/www.messinaoggi.it\/website\/wp-json\/wp\/v2\/types\/post"}],"author":[{"embeddable":true,"href":"https:\/\/www.messinaoggi.it\/website\/wp-json\/wp\/v2\/users\/9"}],"replies":[{"embeddable":true,"href":"https:\/\/www.messinaoggi.it\/website\/wp-json\/wp\/v2\/comments?post=10280"}],"version-history":[{"count":0,"href":"https:\/\/www.messinaoggi.it\/website\/wp-json\/wp\/v2\/posts\/10280\/revisions"}],"wp:featuredmedia":[{"embeddable":true,"href":"https:\/\/www.messinaoggi.it\/website\/wp-json\/wp\/v2\/media\/10281"}],"wp:attachment":[{"href":"https:\/\/www.messinaoggi.it\/website\/wp-json\/wp\/v2\/media?parent=10280"}],"wp:term":[{"taxonomy":"category","embeddable":true,"href":"https:\/\/www.messinaoggi.it\/website\/wp-json\/wp\/v2\/categories?post=10280"},{"taxonomy":"post_tag","embeddable":true,"href":"https:\/\/www.messinaoggi.it\/website\/wp-json\/wp\/v2\/tags?post=10280"}],"curies":[{"name":"wp","href":"https:\/\/api.w.org\/{rel}","templated":true}]}}