{"id":102799,"date":"2022-03-31T17:44:44","date_gmt":"2022-03-31T15:44:44","guid":{"rendered":"http:\/\/www.messinaoggi.it\/website\/?p=102799"},"modified":"2022-03-31T17:44:46","modified_gmt":"2022-03-31T15:44:46","slug":"vulcano-accordo-per-la-provinciale-gelso","status":"publish","type":"post","link":"https:\/\/www.messinaoggi.it\/website\/2022\/03\/31\/vulcano-accordo-per-la-provinciale-gelso\/","title":{"rendered":"Vulcano, accordo per la Provinciale Gelso"},"content":{"rendered":"\n<p>Il Commissario Straordinario della Citt\u00e0 Metropolitana di Messina ha sottoscritto l&#8217;Accordo, ai sensi dell&#8217;articolo 15 della L 241\/90, per la realizzazione dei lavori relativi alla sistemazione e adeguamento della strada provinciale 178 sull&#8217;isola di Vulcano, finanziati dal Piano degli Interventi del Commissario Straordinario O.C.D.P.C. n. 854 del 27 gennaio 2022, Presidente della Regione Siciliana, nominato a seguito dell&#8217;emergenza dovuta alle variazioni significative dei parametri del monitoraggio geofisico e geochimico registrate a partire dal mese di settembre 2021 al Vulcano dell\u2019isola di Vulcano del Comune di Lipari (ME).<br>L&#8217;Accordo prevede che la Citt\u00e0 Metropolitana di Messina rediga la progettazione esecutiva da fornire al Dipartimento Regionale Tecnico, Soggetto Attuatore dell\u2019intervento \u201csistemazione e adeguamento della strada provinciale 178 con realizzazione di spazi idonei per garantirne l\u2019utilizzo in sicurezza, sia per quanto riguarda il tratto di collegamento tra Vulcano Porto e Vulcanello (tratto di collegamento con l\u2019elisuperficie), sia per quanto riguarda il tratto di collegamento con Vulcano Porto &#8211; Piano \u2013 Gelso\u201d nell\u2019isola di Vulcano del Comune di Lipari (Me).<br>I lavori sono inseriti nel quadro degli interventi di cui all\u2019art. 3 dell\u2019O.C.D.P.C. n. 854 del 27 gennaio 2022 citata ed ha onerato lo stesso Dipartimento di raccordarsi con la Citt\u00e0 Metropolitana di Messina per i rispettivi profili di competenza.<br>La Citt\u00e0 Metropolitana curer\u00e0 anche la Direzione dei Lavori per un appalto che ammonta a circa 1,5 milioni di euro di finanziamento e che prevede una durata dei lavori pari a circa 6 mesi.<div id=\"div-gpt-ad-Messinaoggi.it-DSK-300x250-corpoart\" style=\"text-align:center;margin:0 auto;\"><\/div><\/p>\n<div id=\"videoincontent\" style=\"clear:both\";><\/div>","protected":false},"excerpt":{"rendered":"<p>Il Commissario Straordinario della Citt\u00e0 Metropolitana di Messina ha sottoscritto l&#8217;Accordo, ai sensi dell&#8217;articolo 15 della L 241\/90, per la realizzazione dei lavori relativi alla sistemazione e adeguamento della strada provinciale 178 sull&#8217;isola di Vulcano, finanziati dal Piano degli Interventi del Commissario Straordinario O.C.D.P.C. n. 854 del 27 gennaio 2022, Presidente della Regione Siciliana, nominato [&hellip;]<\/p>\n","protected":false},"author":2,"featured_media":45746,"comment_status":"open","ping_status":"open","sticky":false,"template":"","format":"standard","meta":{"ub_ctt_via":"","_mi_skip_tracking":false},"categories":[13,14],"tags":[1872,4256,2087],"featured_image_src":"https:\/\/www.messinaoggi.it\/website\/wp-content\/uploads\/2020\/07\/327AE396-3DBE-422D-901B-5B6D183831EB-scaled-1.jpeg","author_info":{"display_name":"Redazione","author_link":"https:\/\/www.messinaoggi.it\/website\/author\/redazione\/"},"digistream_id":0,"digistream":false,"_links":{"self":[{"href":"https:\/\/www.messinaoggi.it\/website\/wp-json\/wp\/v2\/posts\/102799"}],"collection":[{"href":"https:\/\/www.messinaoggi.it\/website\/wp-json\/wp\/v2\/posts"}],"about":[{"href":"https:\/\/www.messinaoggi.it\/website\/wp-json\/wp\/v2\/types\/post"}],"author":[{"embeddable":true,"href":"https:\/\/www.messinaoggi.it\/website\/wp-json\/wp\/v2\/users\/2"}],"replies":[{"embeddable":true,"href":"https:\/\/www.messinaoggi.it\/website\/wp-json\/wp\/v2\/comments?post=102799"}],"version-history":[{"count":1,"href":"https:\/\/www.messinaoggi.it\/website\/wp-json\/wp\/v2\/posts\/102799\/revisions"}],"predecessor-version":[{"id":102800,"href":"https:\/\/www.messinaoggi.it\/website\/wp-json\/wp\/v2\/posts\/102799\/revisions\/102800"}],"wp:featuredmedia":[{"embeddable":true,"href":"https:\/\/www.messinaoggi.it\/website\/wp-json\/wp\/v2\/media\/45746"}],"wp:attachment":[{"href":"https:\/\/www.messinaoggi.it\/website\/wp-json\/wp\/v2\/media?parent=102799"}],"wp:term":[{"taxonomy":"category","embeddable":true,"href":"https:\/\/www.messinaoggi.it\/website\/wp-json\/wp\/v2\/categories?post=102799"},{"taxonomy":"post_tag","embeddable":true,"href":"https:\/\/www.messinaoggi.it\/website\/wp-json\/wp\/v2\/tags?post=102799"}],"curies":[{"name":"wp","href":"https:\/\/api.w.org\/{rel}","templated":true}]}}