{"id":102795,"date":"2022-03-31T16:50:10","date_gmt":"2022-03-31T14:50:10","guid":{"rendered":"http:\/\/www.messinaoggi.it\/website\/?p=102795"},"modified":"2022-03-31T18:23:06","modified_gmt":"2022-03-31T16:23:06","slug":"tar-giusto-il-commissario-per-referendum-montemare-ora-si-attende-la-data","status":"publish","type":"post","link":"https:\/\/www.messinaoggi.it\/website\/2022\/03\/31\/tar-giusto-il-commissario-per-referendum-montemare-ora-si-attende-la-data\/","title":{"rendered":"Tar: &#8220;Giusto il commissario per referendum Montemare&#8221;. Ora si attende la data"},"content":{"rendered":"\n<p>Il ricorso del Comune di Messina contro la nomina del commissario ad acta per il referendum Montemare si schianta contro il semaforo rosso del Tar, che lo rigetta, aprendo la strada delle urne. La sentenza era attesa dal 9 marzo scorso, quando le parti erano comparse davanti al Tribunale amministrativo di Catania. Il Comune, con l\u2019Avv. Arturo Merlo, aveva insistito affinch\u00e9 il Tar annullasse il decreto con cui la Regione, a dicembre, aveva inviato un proprio funzionario, Vincenzo Raitano, a sostituire il sindaco di Messina Cateno De Luca che non aveva dato corso alla fissazione della data per il referendum. Secondo il Comune, la nomina non teneva conto di un decreto del sindaco dell\u2019ottobre 2020 con cui si sospendeva il referendum per l\u2019emergenza sanitaria. L\u2019avv. Filippo Brianni, in difesa del comitato Montemare Comune, aveva obiettato che il sindaco non aveva il potere sospendere un decreto dell\u2019assessorato regionale ed aveva difeso la scelta della Regione di nominare un commissario a fronte dell\u2019inerzia del comune, che non aveva nemmeno risposto ai solleciti con cui il comitato nel 2021 aveva chiesto con forza la fissazione della data delle elezioni. Contro il ricorso del Comune anche la Regione, difesa dall\u2019Avvocatura di Stato. Il Tar ha di fatto accolto le deduzioni del comitato, sostenendo con la sentenza n. 932 che il decreto del sindaco con cui sospendeva per la pandemia il referendum \u201c\u00e8 da intendersi nullo per incompetenza assoluta, atteso che il sindaco non dispone di detto potere, spettante a plessi amministrativi diversi (regionali)\u201d e che la nomina del commissario fu necessaria per via dell\u2019inerzia del comune. Perci\u00f2 il Tar ha confermato la nomina del commissario che nei prossimi giorni dovr\u00e0 indire il referendum per consentire ai quartieri XII e XIII di esprimersi sulla vicenda. \u201cSiamo soddisfatti \u2013 ha dichiarato l\u2019avv. Filippo Brianni \u2013 perch\u00e9 il Tar conferma ancora una volta, dopo la Regione, che \u00e8 giusto svolgere questo referendum e consentire ai cittadini esprimersi\u201d. E infatti, quella del Tar non \u00e8 una pronuncia isolata, perch\u00e9 gi\u00e0 il comune aveva fatto ricorso straordinario al presidente della regione anche contro il decreto assessoriale che imponeva il referendum, ma il ricorso venne rigettato su parere del Consiglio di Giustizia Amministrativa.<br>Improbabile che il Comune ricorra contro la sentenza del Tar ed \u00e8 quindi possibile che gi\u00e0 in primavera si svolga il referendum che vedr\u00e0 coinvolta l\u2019intera citt\u00e0; nel caso in cui non si raggiunga il quorum sull\u2019intera citt\u00e0, si prender\u00e0 in considerazione soltanto il voto delle aree che chiedono di diventare comune autonomo e sempre che in queste aree abbiano votato pi\u00f9 della met\u00e0 degli elettori. In caso di esito positivo del referendum la palla torner\u00e0 in assessorato regionale che dovr\u00e0 definire il procedimento e infine all\u2019Ars che dovr\u00e0 con legge regionale sancire la nascita del nuovo Comune.<div id=\"div-gpt-ad-Messinaoggi.it-DSK-300x250-corpoart\" style=\"text-align:center;margin:0 auto;\"><\/div><\/p>\n<div id=\"videoincontent\" style=\"clear:both\";><\/div>","protected":false},"excerpt":{"rendered":"<p>Il ricorso del Comune di Messina contro la nomina del commissario ad acta per il referendum Montemare si schianta contro il semaforo rosso del Tar, che lo rigetta, aprendo la strada delle urne. La sentenza era attesa dal 9 marzo scorso, quando le parti erano comparse davanti al Tribunale amministrativo di Catania. Il Comune, con [&hellip;]<\/p>\n","protected":false},"author":4,"featured_media":102842,"comment_status":"open","ping_status":"open","sticky":false,"template":"","format":"standard","meta":{"ub_ctt_via":"","_mi_skip_tracking":false},"categories":[6],"tags":[3240,4255],"featured_image_src":"https:\/\/www.messinaoggi.it\/website\/wp-content\/uploads\/2022\/03\/IMG-20220331-WA0089.jpg","author_info":{"display_name":"redme","author_link":"https:\/\/www.messinaoggi.it\/website\/author\/redme\/"},"digistream_id":0,"digistream":false,"_links":{"self":[{"href":"https:\/\/www.messinaoggi.it\/website\/wp-json\/wp\/v2\/posts\/102795"}],"collection":[{"href":"https:\/\/www.messinaoggi.it\/website\/wp-json\/wp\/v2\/posts"}],"about":[{"href":"https:\/\/www.messinaoggi.it\/website\/wp-json\/wp\/v2\/types\/post"}],"author":[{"embeddable":true,"href":"https:\/\/www.messinaoggi.it\/website\/wp-json\/wp\/v2\/users\/4"}],"replies":[{"embeddable":true,"href":"https:\/\/www.messinaoggi.it\/website\/wp-json\/wp\/v2\/comments?post=102795"}],"version-history":[{"count":1,"href":"https:\/\/www.messinaoggi.it\/website\/wp-json\/wp\/v2\/posts\/102795\/revisions"}],"predecessor-version":[{"id":102798,"href":"https:\/\/www.messinaoggi.it\/website\/wp-json\/wp\/v2\/posts\/102795\/revisions\/102798"}],"wp:featuredmedia":[{"embeddable":true,"href":"https:\/\/www.messinaoggi.it\/website\/wp-json\/wp\/v2\/media\/102842"}],"wp:attachment":[{"href":"https:\/\/www.messinaoggi.it\/website\/wp-json\/wp\/v2\/media?parent=102795"}],"wp:term":[{"taxonomy":"category","embeddable":true,"href":"https:\/\/www.messinaoggi.it\/website\/wp-json\/wp\/v2\/categories?post=102795"},{"taxonomy":"post_tag","embeddable":true,"href":"https:\/\/www.messinaoggi.it\/website\/wp-json\/wp\/v2\/tags?post=102795"}],"curies":[{"name":"wp","href":"https:\/\/api.w.org\/{rel}","templated":true}]}}