{"id":102791,"date":"2022-03-31T16:07:41","date_gmt":"2022-03-31T14:07:41","guid":{"rendered":"https:\/\/www.messinaoggi.it\/website\/2022\/03\/31\/infantino-mondiali-biennali-non-e-una-proposta-fifa-ma-parliamone\/"},"modified":"2022-03-31T16:07:41","modified_gmt":"2022-03-31T14:07:41","slug":"infantino-mondiali-biennali-non-e-una-proposta-fifa-ma-parliamone","status":"publish","type":"post","link":"https:\/\/www.messinaoggi.it\/website\/2022\/03\/31\/infantino-mondiali-biennali-non-e-una-proposta-fifa-ma-parliamone\/","title":{"rendered":"Infantino \u201cMondiali biennali? Non \u00e8 una proposta Fifa ma parliamone\u201d"},"content":{"rendered":"<div>DOHA (QATAR) (ITALPRESS) &#8211; Un appello alla pace, le speranze per l&#8217;appuntamento di fine anno in Qatar e uno sguardo al futuro, al calendario internazionale post-2024 e a quello che \u00e8 diventato ormai un terreno di scontro, il Mondiale ogni due anni. Il 72esimo Congresso della Fifa a Doha \u00e8 l&#8217;occasione per Gianni Infantino per fare un punto su tanti temi, a partire dall&#8217;invasione dell&#8217;Ucraina che ha portato all&#8217;esclusione della Russia dalla prossima Coppa del Mondo. &#8220;Sono molto triste per quello che sta succedendo, durante la mia presidenza mi sono confrontato con situazioni di conflitto in altre parti del mondo &#8211; ricorda &#8211; Il calcio non pu\u00f2 risolvere i conflitti da solo ma pu\u00f2 contribuire a farlo&#8221;. Ottimista sull&#8217;impatto del Mondiale in Qatar (&#8220;Sar\u00e0 l&#8217;occasione per il mondo arabo di presentarsi al resto del mondo e dimostrare che si pu\u00f2 e si deve vivere insieme. Inoltre i giocatori non dovranno affrontare viaggi e non arriveranno al Mondiale stanchi ma all&#8217;apice della loro forma&#8221;), Infantino \u00e8 tornato sull&#8217;ipotesi di ridurre da quattro a due anni la cadenza della Coppa del Mondo. &#8220;Voglio chiarire una cosa: la Fifa non ha proposto il Mondiale biennale &#8211; ha sottolineato &#8211; In occasione dell&#8217;ultimo Congresso l&#8217;88% delle Federazioni ha votato per studiarne la fattibilit\u00e0 e la Fifa lo ha fatto, giungendo alla conclusione che \u00e8 fattibile. Ma ora siamo in una nuova fase, di consultazione, di discussione, in cui si provano a trovare accordi e compromessi. Lavoreremo insieme per avere un dibattito e trovare la soluzione che sia pi\u00f9 adatta a tutti, perch\u00e8 tutti ne traggano beneficio, ogni feedback \u00e8 importante &#8211; si \u00e8 mostrato aperto il presidente della Fifa &#8211; Abbiamo raccolto tanti pareri positivi ma anche una grande opposizione ed \u00e8 da qui che il confronto deve ripartire. Potremmo andare a votare e avere la maggioranza ma \u00e8 pi\u00f9 importante convincere tutti che \u00e8 importante fare qualcosa di pi\u00f9 per il calcio, che sia un Mondiale ogni due o tre anni o altre competizioni. Dobbiamo pensare a cosa \u00e8 meglio per far crescere il calcio e ci prenderemo il tempo che ci vuole. Non abbiamo fretta ma i tempi sono cambiati rispetto a quando si \u00e8 deciso di giocare i Mondiali ogni 4 anni e dobbiamo vedere cosa possiamo fare meglio, prendendoci anche un p\u00f2 pi\u00f9 di tempo ma facendo le cose per bene&#8221;.<br \/>(ITALPRESS).<\/div>\n<div id=\"div-gpt-ad-Messinaoggi.it-DSK-300x250-corpoart\" style=\"text-align:center;margin:0 auto;\"><\/div><\/p><div id=\"videoincontent\" style=\"clear:both\";><\/div>","protected":false},"excerpt":{"rendered":"<p>DOHA (QATAR) (ITALPRESS) &#8211; Un appello alla pace, le speranze per l&#8217;appuntamento di fine anno in Qatar e uno sguardo al futuro, al calendario internazionale post-2024 e a quello che \u00e8 diventato ormai un terreno di scontro, il Mondiale ogni due anni. Il 72esimo Congresso della Fifa a Doha \u00e8 l&#8217;occasione per Gianni Infantino per [&hellip;]<\/p>\n","protected":false},"author":18,"featured_media":102792,"comment_status":"closed","ping_status":"closed","sticky":false,"template":"","format":"standard","meta":{"ub_ctt_via":"","_mi_skip_tracking":false},"categories":[446],"tags":[783],"featured_image_src":"https:\/\/www.messinaoggi.it\/website\/wp-content\/uploads\/2022\/03\/20220331_0793.jpg","author_info":{"display_name":"Admin","author_link":"https:\/\/www.messinaoggi.it\/website\/author\/admin\/"},"digistream_id":0,"digistream":false,"_links":{"self":[{"href":"https:\/\/www.messinaoggi.it\/website\/wp-json\/wp\/v2\/posts\/102791"}],"collection":[{"href":"https:\/\/www.messinaoggi.it\/website\/wp-json\/wp\/v2\/posts"}],"about":[{"href":"https:\/\/www.messinaoggi.it\/website\/wp-json\/wp\/v2\/types\/post"}],"author":[{"embeddable":true,"href":"https:\/\/www.messinaoggi.it\/website\/wp-json\/wp\/v2\/users\/18"}],"replies":[{"embeddable":true,"href":"https:\/\/www.messinaoggi.it\/website\/wp-json\/wp\/v2\/comments?post=102791"}],"version-history":[{"count":0,"href":"https:\/\/www.messinaoggi.it\/website\/wp-json\/wp\/v2\/posts\/102791\/revisions"}],"wp:featuredmedia":[{"embeddable":true,"href":"https:\/\/www.messinaoggi.it\/website\/wp-json\/wp\/v2\/media\/102792"}],"wp:attachment":[{"href":"https:\/\/www.messinaoggi.it\/website\/wp-json\/wp\/v2\/media?parent=102791"}],"wp:term":[{"taxonomy":"category","embeddable":true,"href":"https:\/\/www.messinaoggi.it\/website\/wp-json\/wp\/v2\/categories?post=102791"},{"taxonomy":"post_tag","embeddable":true,"href":"https:\/\/www.messinaoggi.it\/website\/wp-json\/wp\/v2\/tags?post=102791"}],"curies":[{"name":"wp","href":"https:\/\/api.w.org\/{rel}","templated":true}]}}