{"id":102766,"date":"2022-03-31T14:07:35","date_gmt":"2022-03-31T12:07:35","guid":{"rendered":"https:\/\/www.messinaoggi.it\/website\/2022\/03\/31\/ucraina-draghi-stare-con-i-piedi-per-terra-le-sanzioni-funzionano\/"},"modified":"2022-03-31T14:07:35","modified_gmt":"2022-03-31T12:07:35","slug":"ucraina-draghi-stare-con-i-piedi-per-terra-le-sanzioni-funzionano","status":"publish","type":"post","link":"https:\/\/www.messinaoggi.it\/website\/2022\/03\/31\/ucraina-draghi-stare-con-i-piedi-per-terra-le-sanzioni-funzionano\/","title":{"rendered":"Ucraina, Draghi: \u201cStare con i piedi per terra, le sanzioni funzionano\u201d"},"content":{"rendered":"<div>ROMA (ITALPRESS) &#8211; &#8220;Non ci sentivamo con il presidente Putin dall&#8217;inizio della guerra. Gli ho detto che volevo parlare di pace e a questo Putin ha acconsentito. Ho chiesto se era previsto un cessate il fuoco: le condizioni non sono mature, per\u00f2 \u00e8 stato aperto il corridoio umanitario di Mariupol&#8221;. Lo ha detto il presidente del Consiglio, Mario Draghi, nel corso dell&#8217;incontro con la stampa estera.<br \/>&#8220;Credo di aver notato un cambiamento nel tono di Putin, ma sono molto cauto&#8221;, ha proseguito.<br \/>&#8220;Poi \u00e8 seguita una descrizione su un possibile accordo, io ho espresso la convinzione che per risolvere certi nodi fosse necessario un incontro con il presidente Zelensky. La risposta \u00e8 stata che i tempi non sono ancora maturi. Uno dei punti che il presidente Putin ha trattato \u00e8 che a suo avviso ci sono piccoli passi avanti sui negoziati&#8221;, ha aggiunto il premier.<br \/>&#8220;Tutti desideriamo vedere uno spiraglio di luce, ma tutti dobbiamo stare con i piedi per terra. Le sanzioni funzionano, alla pace si arriva se l&#8217;Ucraina si difende. C&#8217;\u00e8 il desiderio di andare avanti presto, ma \u00e8 anche presto per superare lo scetticismo. Ho affermato la disponibilit\u00e0 dell&#8217;Italia, disponibilit\u00e0 accolta da Putin&#8221;, ha sottolineato Draghi.<br \/>&#8220;Sul Def non \u00e8 prevista nessuna indicazione specifica sulle spese militari, a oggi non c&#8217;\u00e8 nessun problema su questo tema. L&#8217;impegno dell&#8217;Italia con la Nato a spendere il 2% \u00e8 stato preso nel 2014 ed \u00e8 stato ribadito da tutti i governi successivi. Dal 2018 al 2021 gli investimenti sulla difesa sono aumentati tra il 17% e il 26%, l&#8217;impegno \u00e8 confermare i nostri impegni con la Nato&#8221;, ha spiegato Draghi, che si \u00e8 detto &#8220;molto soddisfatto dell&#8217;accordo&#8221; nella maggioranza. &#8220;Ci siamo visti con il presidente Conte che chiedeva un allungamento fino al 2030 e io ho risposto che si fa quello che chiede il ministro Guerini,cio\u00e8 arrivare al 2028. Su questo poi non c&#8217;\u00e8 stato disaccordo&#8221;, ha aggiunto. <br \/>(ITALPRESS).<\/div>\n<div id=\"div-gpt-ad-Messinaoggi.it-DSK-300x250-corpoart\" style=\"text-align:center;margin:0 auto;\"><\/div><\/p><div id=\"videoincontent\" style=\"clear:both\";><\/div>","protected":false},"excerpt":{"rendered":"<p>ROMA (ITALPRESS) &#8211; &#8220;Non ci sentivamo con il presidente Putin dall&#8217;inizio della guerra. Gli ho detto che volevo parlare di pace e a questo Putin ha acconsentito. Ho chiesto se era previsto un cessate il fuoco: le condizioni non sono mature, per\u00f2 \u00e8 stato aperto il corridoio umanitario di Mariupol&#8221;. Lo ha detto il presidente [&hellip;]<\/p>\n","protected":false},"author":18,"featured_media":102767,"comment_status":"closed","ping_status":"closed","sticky":false,"template":"","format":"standard","meta":{"ub_ctt_via":"","_mi_skip_tracking":false},"categories":[446],"tags":[783],"featured_image_src":"https:\/\/www.messinaoggi.it\/website\/wp-content\/uploads\/2022\/03\/20220331_0586.jpg","author_info":{"display_name":"Admin","author_link":"https:\/\/www.messinaoggi.it\/website\/author\/admin\/"},"digistream_id":0,"digistream":false,"_links":{"self":[{"href":"https:\/\/www.messinaoggi.it\/website\/wp-json\/wp\/v2\/posts\/102766"}],"collection":[{"href":"https:\/\/www.messinaoggi.it\/website\/wp-json\/wp\/v2\/posts"}],"about":[{"href":"https:\/\/www.messinaoggi.it\/website\/wp-json\/wp\/v2\/types\/post"}],"author":[{"embeddable":true,"href":"https:\/\/www.messinaoggi.it\/website\/wp-json\/wp\/v2\/users\/18"}],"replies":[{"embeddable":true,"href":"https:\/\/www.messinaoggi.it\/website\/wp-json\/wp\/v2\/comments?post=102766"}],"version-history":[{"count":0,"href":"https:\/\/www.messinaoggi.it\/website\/wp-json\/wp\/v2\/posts\/102766\/revisions"}],"wp:featuredmedia":[{"embeddable":true,"href":"https:\/\/www.messinaoggi.it\/website\/wp-json\/wp\/v2\/media\/102767"}],"wp:attachment":[{"href":"https:\/\/www.messinaoggi.it\/website\/wp-json\/wp\/v2\/media?parent=102766"}],"wp:term":[{"taxonomy":"category","embeddable":true,"href":"https:\/\/www.messinaoggi.it\/website\/wp-json\/wp\/v2\/categories?post=102766"},{"taxonomy":"post_tag","embeddable":true,"href":"https:\/\/www.messinaoggi.it\/website\/wp-json\/wp\/v2\/tags?post=102766"}],"curies":[{"name":"wp","href":"https:\/\/api.w.org\/{rel}","templated":true}]}}