{"id":102762,"date":"2022-03-31T13:47:39","date_gmt":"2022-03-31T11:47:39","guid":{"rendered":"https:\/\/www.messinaoggi.it\/website\/2022\/03\/31\/lagalla-lascio-un-assessorato-allistruzione-in-buone-condizioni\/"},"modified":"2022-03-31T13:47:39","modified_gmt":"2022-03-31T11:47:39","slug":"lagalla-lascio-un-assessorato-allistruzione-in-buone-condizioni","status":"publish","type":"post","link":"https:\/\/www.messinaoggi.it\/website\/2022\/03\/31\/lagalla-lascio-un-assessorato-allistruzione-in-buone-condizioni\/","title":{"rendered":"Lagalla \u201cLascio un assessorato all\u2019Istruzione in buone condizioni\u201d"},"content":{"rendered":"<div>\n<p>PALERMO (ITALPRESS) \u2013 Un investimento imponente sul mondo dell\u2019Istruzione e della Formazione professionale in Sicilia: dagli oltre 700 milioni di euro per riqualificare l\u2019edilizia scolastica, al Piano per ridurre la povert\u00e0 educativa, agli oltre 80 milioni per contrastare l\u2019emergenza Covid e garantire la didattica in continuit\u00e0 e in sicurezza.<br \/>L\u2019assessore regionale all\u2019Istruzione e alla Formazione professionale, Roberto Lagalla, ha tracciato questa mattina, a Palazzo Orleans, un bilancio della sua esperienza nel governo regionale, durante una conferenza stampa con il presidente della Regione Nello Musumeci, convocata a seguito delle dimissioni presentate dall\u2019assessore in vista delle prossime elezioni amministrative.<br \/>\u201cHo avuto il piacere e l\u2019onore di avere come componente della giunta, fin dal nostro insediamento, il professore Roberto Lagalla \u2013 dichiara il presidente Musumeci \u2013 che sarebbe certamente rimasto se non avesse deciso di candidarsi alla guida della citt\u00e0 di Palermo, malata di carestia d\u2019amore. La sua \u00e8 una scelta di coraggio e altruismo e per questo gli rivolgo un sincero in bocca al lupo. La sua attivit\u00e0 e il suo impegno hanno consentito in questi anni non solo il rilancio del mondo dell\u2019istruzione \u2013 con la competenza che gli deriva dalla sua esperienza di docente universitario prima e di rettore poi \u2013 ma anche un impulso importante alla formazione professionale. Un settore, quest\u2019ultimo, nel recente passato relegato ad argomento di cronache giudiziarie e che oggi mette finalmente insieme l\u2019offerta formativa con il mercato del lavoro e, dunque, con la domanda delle imprese. Sar\u00f2 io a reggere l\u2019assessorato per qualche settimana, per poi consegnarlo al nuovo titolare fino alla scadenza del mandato\u201d.<br \/>\u201cLascio un assessorato in buone condizioni, presuntuosamente dico: migliori di quelle ereditate nel 2017 \u2013 sottolinea Lagalla \u2013 In questi quattro anni ho lavorato strenuamente, in sintonia con gli uffici e con tutto il personale, per recuperare i ritardi amministrativi accumulati negli anni e raggiungere nuovi obiettivi. Il riavvio e la riorganizzazione del sistema della formazione professionale, la riduzione della dispersione scolastica, il piano di riqualificazione dell\u2019edilizia scolastica siciliana e la valorizzazione di percorsi formativi utili ad accrescere competenza e competitivit\u00e0 dei giovani sono certamente alcuni degli obietti raggiunti da questo assessorato. In particolare, poi, il rinnovato dialogo con le scuole mi ha permesso di creare un rapporto di reale prossimit\u00e0 tra amministrazione regionale e dirigenti scolastici, docenti e alunni: questa \u00e8 certamente l\u2019eredit\u00e0 pi\u00f9 importante che lascio a chi mi succeder\u00e0 e che spero venga ben custodita e, se possibile, ulteriormente alimentata\u201d.<br \/>E aggiunge: \u201cSono lieto di avere avviato la programmazione del Fondo sociale europeo 2021-2027, finalizzata all\u2019approvazione comunitaria entro l\u2019anno per far partire i bandi. Infine, ritengo di aver simbolicamente concluso il mio mandato erogando un finanziamento di 40 mila euro, per consentire agli studenti dell\u2019Istituto \u201cDalla Chiesa\u201d di San Giovanni La Punta di rappresentare l\u2019Italia alla finale mondiale di robotica \u201cFirst Lego League Italia\u201d negli Stati Uniti d\u2019America, perch\u00e8 il mio compito, come rappresentante di questo governo, \u00e8 stato sempre quello di sostenere i giovani nella loro crescita formativa e professionale\u201d.<br \/>(ITALPRESS).<div id=\"div-gpt-ad-Messinaoggi.it-DSK-300x250-corpoart\" style=\"text-align:center;margin:0 auto;\"><\/div><\/p>\n<\/div>\n<div id=\"videoincontent\" style=\"clear:both\";><\/div>","protected":false},"excerpt":{"rendered":"<p>PALERMO (ITALPRESS) \u2013 Un investimento imponente sul mondo dell\u2019Istruzione e della Formazione professionale in Sicilia: dagli oltre 700 milioni di euro per riqualificare l\u2019edilizia scolastica, al Piano per ridurre la povert\u00e0 educativa, agli oltre 80 milioni per contrastare l\u2019emergenza Covid e garantire la didattica in continuit\u00e0 e in sicurezza.L\u2019assessore regionale all\u2019Istruzione e alla Formazione professionale, [&hellip;]<\/p>\n","protected":false},"author":18,"featured_media":102763,"comment_status":"closed","ping_status":"closed","sticky":false,"template":"","format":"standard","meta":{"ub_ctt_via":"","_mi_skip_tracking":false},"categories":[2449],"tags":[783],"featured_image_src":"https:\/\/www.messinaoggi.it\/website\/wp-content\/uploads\/2022\/03\/20220331_0554.jpg","author_info":{"display_name":"Admin","author_link":"https:\/\/www.messinaoggi.it\/website\/author\/admin\/"},"digistream_id":0,"digistream":false,"_links":{"self":[{"href":"https:\/\/www.messinaoggi.it\/website\/wp-json\/wp\/v2\/posts\/102762"}],"collection":[{"href":"https:\/\/www.messinaoggi.it\/website\/wp-json\/wp\/v2\/posts"}],"about":[{"href":"https:\/\/www.messinaoggi.it\/website\/wp-json\/wp\/v2\/types\/post"}],"author":[{"embeddable":true,"href":"https:\/\/www.messinaoggi.it\/website\/wp-json\/wp\/v2\/users\/18"}],"replies":[{"embeddable":true,"href":"https:\/\/www.messinaoggi.it\/website\/wp-json\/wp\/v2\/comments?post=102762"}],"version-history":[{"count":0,"href":"https:\/\/www.messinaoggi.it\/website\/wp-json\/wp\/v2\/posts\/102762\/revisions"}],"wp:featuredmedia":[{"embeddable":true,"href":"https:\/\/www.messinaoggi.it\/website\/wp-json\/wp\/v2\/media\/102763"}],"wp:attachment":[{"href":"https:\/\/www.messinaoggi.it\/website\/wp-json\/wp\/v2\/media?parent=102762"}],"wp:term":[{"taxonomy":"category","embeddable":true,"href":"https:\/\/www.messinaoggi.it\/website\/wp-json\/wp\/v2\/categories?post=102762"},{"taxonomy":"post_tag","embeddable":true,"href":"https:\/\/www.messinaoggi.it\/website\/wp-json\/wp\/v2\/tags?post=102762"}],"curies":[{"name":"wp","href":"https:\/\/api.w.org\/{rel}","templated":true}]}}