{"id":102743,"date":"2022-03-31T11:07:35","date_gmt":"2022-03-31T09:07:35","guid":{"rendered":"https:\/\/www.messinaoggi.it\/website\/2022\/03\/31\/da-pesto-barilla-la-nuova-gamma-con-basilico-da-agricoltura-sostenibile\/"},"modified":"2022-03-31T11:07:35","modified_gmt":"2022-03-31T09:07:35","slug":"da-pesto-barilla-la-nuova-gamma-con-basilico-da-agricoltura-sostenibile","status":"publish","type":"post","link":"https:\/\/www.messinaoggi.it\/website\/2022\/03\/31\/da-pesto-barilla-la-nuova-gamma-con-basilico-da-agricoltura-sostenibile\/","title":{"rendered":"Da Pesto Barilla la nuova gamma con basilico da agricoltura sostenibile"},"content":{"rendered":"<div>PARMA (ITALPRESS) &#8211; Creativi, esigenti, curiosi, emotivi&#8230;tutti diversi, eppure uguali nella ricerca di prodotti dalla qualit\u00e0 unica, i consumatori italiani non potranno fare a meno di amarlo ancora di pi\u00f9: \u00e8 il Pesto Barilla con Basilico da agricoltura sostenibile. Frutto di una lunga storia di passione, esperienza e saper fare, la gamma di &#8216;Pesto Barill\u00e0 si dota anche di un nuovo packaging, rivisitato nel logo, nella veste grafica e nel design del vasetto. &#8216;Pesto Barill\u00e0 \u00e8 preparato con cura, con ingredienti di qualit\u00e0 e seguendo un&#8217;unica parola d&#8217;ordine: delicatezza. Il segreto della cremosit\u00e0 unica di queste ricette di Pesto sta infatti nel loro processo di preparazione, il Metodo Delicato, caratterizzato da una expertise di lunga data e da una cura maniacale nella preparazione di tutti gli ingredienti. Infine, la gamma si arricchisce anche di una variante unica, il Pesto Basilico e Pistacchio, fiore all&#8217;occhiello della linea.<br \/>Attenta alla sostenibilit\u00e0 sociale e ambientale, la filiera del Basilico Barilla \u00e8 italiana, certificata, di qualit\u00e0 e incontra le esigenze degli amanti del pesto di tutto il mondo, sempre pi\u00f9 attenti all&#8217;impatto su territorio, pianeta e persone. La rinnovata gamma Pesto, icona di uno dei condimenti pi\u00f9 apprezzati della cucina italiana, acquista cos\u00ec ancora pi\u00f9 riconoscibilit\u00e0 a scaffale non solo per il design del nuovo packaging, ma per le caratteristiche e i valori che porta con s\u00e8: la qualit\u00e0, l&#8217;italianit\u00e0, la sostenibilit\u00e0.<br \/>&#8220;E&#8217; un &#8216;oro verd\u00e8 il nostro basilico, un elemento unico nella qualit\u00e0 e nel metodo produttivo, un ingrediente di partenza per una gamma di prodotti di qualit\u00e0 sia nell&#8217;offerta che a livello di filiera &#8211; spiega Matteo Gori, Global Marketing Director Pesto Barilla -. Ne sono il risultato le ricette di Pesto Barilla, capaci di unire intensit\u00e0 e delicatezza e di far spalancare gli occhi per la felicit\u00e0 ogni volta che vengono portate in tavola, grazie a un gusto che piace davvero a tutti. Ecco allora che alla sostenibilit\u00e0 della filiera e alla delicatezza del sapore si associano la bellezza del vasetto rinnovato, la sorpresa della nuova referenza e l&#8217;amore per il pesto &#8211; e in particolare per il Pesto Barilla &#8211; in Italia e in tutto il mondo&#8221;.<br \/>(ITALPRESS).<\/div>\n<div id=\"div-gpt-ad-Messinaoggi.it-DSK-300x250-corpoart\" style=\"text-align:center;margin:0 auto;\"><\/div><\/p><div id=\"videoincontent\" style=\"clear:both\";><\/div>","protected":false},"excerpt":{"rendered":"<p>PARMA (ITALPRESS) &#8211; Creativi, esigenti, curiosi, emotivi&#8230;tutti diversi, eppure uguali nella ricerca di prodotti dalla qualit\u00e0 unica, i consumatori italiani non potranno fare a meno di amarlo ancora di pi\u00f9: \u00e8 il Pesto Barilla con Basilico da agricoltura sostenibile. Frutto di una lunga storia di passione, esperienza e saper fare, la gamma di &#8216;Pesto Barill\u00e0 [&hellip;]<\/p>\n","protected":false},"author":18,"featured_media":102744,"comment_status":"closed","ping_status":"closed","sticky":false,"template":"","format":"standard","meta":{"ub_ctt_via":"","_mi_skip_tracking":false},"categories":[446],"tags":[783],"featured_image_src":"https:\/\/www.messinaoggi.it\/website\/wp-content\/uploads\/2022\/03\/20220331_0214.jpg","author_info":{"display_name":"Admin","author_link":"https:\/\/www.messinaoggi.it\/website\/author\/admin\/"},"digistream_id":0,"digistream":false,"_links":{"self":[{"href":"https:\/\/www.messinaoggi.it\/website\/wp-json\/wp\/v2\/posts\/102743"}],"collection":[{"href":"https:\/\/www.messinaoggi.it\/website\/wp-json\/wp\/v2\/posts"}],"about":[{"href":"https:\/\/www.messinaoggi.it\/website\/wp-json\/wp\/v2\/types\/post"}],"author":[{"embeddable":true,"href":"https:\/\/www.messinaoggi.it\/website\/wp-json\/wp\/v2\/users\/18"}],"replies":[{"embeddable":true,"href":"https:\/\/www.messinaoggi.it\/website\/wp-json\/wp\/v2\/comments?post=102743"}],"version-history":[{"count":0,"href":"https:\/\/www.messinaoggi.it\/website\/wp-json\/wp\/v2\/posts\/102743\/revisions"}],"wp:featuredmedia":[{"embeddable":true,"href":"https:\/\/www.messinaoggi.it\/website\/wp-json\/wp\/v2\/media\/102744"}],"wp:attachment":[{"href":"https:\/\/www.messinaoggi.it\/website\/wp-json\/wp\/v2\/media?parent=102743"}],"wp:term":[{"taxonomy":"category","embeddable":true,"href":"https:\/\/www.messinaoggi.it\/website\/wp-json\/wp\/v2\/categories?post=102743"},{"taxonomy":"post_tag","embeddable":true,"href":"https:\/\/www.messinaoggi.it\/website\/wp-json\/wp\/v2\/tags?post=102743"}],"curies":[{"name":"wp","href":"https:\/\/api.w.org\/{rel}","templated":true}]}}