{"id":102725,"date":"2022-03-31T09:07:40","date_gmt":"2022-03-31T07:07:40","guid":{"rendered":"https:\/\/www.messinaoggi.it\/website\/2022\/03\/31\/ucraina-bonetti-lavoriamo-per-sbloccare-le-adozioni-ferme-per-guerra\/"},"modified":"2022-03-31T09:07:40","modified_gmt":"2022-03-31T07:07:40","slug":"ucraina-bonetti-lavoriamo-per-sbloccare-le-adozioni-ferme-per-guerra","status":"publish","type":"post","link":"https:\/\/www.messinaoggi.it\/website\/2022\/03\/31\/ucraina-bonetti-lavoriamo-per-sbloccare-le-adozioni-ferme-per-guerra\/","title":{"rendered":"Ucraina, Bonetti \u201cLavoriamo per sbloccare le adozioni ferme per guerra\u201d"},"content":{"rendered":"<div>ROMA (ITALPRESS) &#8211; &#8220;Stiamo cercando di far ricongiungere i bambini ucraini per i quali erano quasi ultimate le procedure di adozione internazionale con le loro famiglie italiane. Naturalmente nel pieno rispetto della Convenzione dell&#8217;Aja e delle autorit\u00e0 di Kiev e degli accordi in essere con il governo ucraino. Per i bambini abbinati a coppie italiane e che oggi si trovano in zona di guerra potrebbe esserci l&#8217;affido familiare, istituto che nel nostro Paese \u00e8 disciplinato dallo Stato, a quelli che poi diventeranno i loro genitori\u00bb. Lo dice, in un&#8217;intervista a Repubblica, Elena Bonetti, ministra per la Famiglia e le Pari opportunit\u00e0 e presidente della Cai, Commissione adozioni internazionali. \u00abLa nostra proposta alle autorit\u00e0 ucraine &#8211; aggiunge &#8211; \u00e8 che, nei casi in cui ci sia gi\u00e0 stato un abbinamento con il bambino, talora anche l&#8217;incontro, si possa procedere con l&#8217;affido familiare. Per completare poi l&#8217;iter adottivo non appena sar\u00e0 possibile. E&#8217; un modo per tutelare minori oggi in zone a rischio\u00bb.<br \/>(ITALPRESS).<\/div>\n<div id=\"div-gpt-ad-Messinaoggi.it-DSK-300x250-corpoart\" style=\"text-align:center;margin:0 auto;\"><\/div><\/p><div id=\"videoincontent\" style=\"clear:both\";><\/div>","protected":false},"excerpt":{"rendered":"<p>ROMA (ITALPRESS) &#8211; &#8220;Stiamo cercando di far ricongiungere i bambini ucraini per i quali erano quasi ultimate le procedure di adozione internazionale con le loro famiglie italiane. Naturalmente nel pieno rispetto della Convenzione dell&#8217;Aja e delle autorit\u00e0 di Kiev e degli accordi in essere con il governo ucraino. Per i bambini abbinati a coppie italiane [&hellip;]<\/p>\n","protected":false},"author":18,"featured_media":102726,"comment_status":"closed","ping_status":"closed","sticky":false,"template":"","format":"standard","meta":{"ub_ctt_via":"","_mi_skip_tracking":false},"categories":[446],"tags":[783],"featured_image_src":"https:\/\/www.messinaoggi.it\/website\/wp-content\/uploads\/2022\/03\/20220331_0085.jpg","author_info":{"display_name":"Admin","author_link":"https:\/\/www.messinaoggi.it\/website\/author\/admin\/"},"digistream_id":0,"digistream":false,"_links":{"self":[{"href":"https:\/\/www.messinaoggi.it\/website\/wp-json\/wp\/v2\/posts\/102725"}],"collection":[{"href":"https:\/\/www.messinaoggi.it\/website\/wp-json\/wp\/v2\/posts"}],"about":[{"href":"https:\/\/www.messinaoggi.it\/website\/wp-json\/wp\/v2\/types\/post"}],"author":[{"embeddable":true,"href":"https:\/\/www.messinaoggi.it\/website\/wp-json\/wp\/v2\/users\/18"}],"replies":[{"embeddable":true,"href":"https:\/\/www.messinaoggi.it\/website\/wp-json\/wp\/v2\/comments?post=102725"}],"version-history":[{"count":0,"href":"https:\/\/www.messinaoggi.it\/website\/wp-json\/wp\/v2\/posts\/102725\/revisions"}],"wp:featuredmedia":[{"embeddable":true,"href":"https:\/\/www.messinaoggi.it\/website\/wp-json\/wp\/v2\/media\/102726"}],"wp:attachment":[{"href":"https:\/\/www.messinaoggi.it\/website\/wp-json\/wp\/v2\/media?parent=102725"}],"wp:term":[{"taxonomy":"category","embeddable":true,"href":"https:\/\/www.messinaoggi.it\/website\/wp-json\/wp\/v2\/categories?post=102725"},{"taxonomy":"post_tag","embeddable":true,"href":"https:\/\/www.messinaoggi.it\/website\/wp-json\/wp\/v2\/tags?post=102725"}],"curies":[{"name":"wp","href":"https:\/\/api.w.org\/{rel}","templated":true}]}}