{"id":102704,"date":"2022-03-30T21:07:34","date_gmt":"2022-03-30T19:07:34","guid":{"rendered":"https:\/\/www.messinaoggi.it\/website\/2022\/03\/30\/covid-locatelli-il-modello-cts-e-patrimonio-del-paese\/"},"modified":"2022-03-30T21:07:34","modified_gmt":"2022-03-30T19:07:34","slug":"covid-locatelli-il-modello-cts-e-patrimonio-del-paese","status":"publish","type":"post","link":"https:\/\/www.messinaoggi.it\/website\/2022\/03\/30\/covid-locatelli-il-modello-cts-e-patrimonio-del-paese\/","title":{"rendered":"Covid, Locatelli \u201cIl modello Cts \u00e8 patrimonio del Paese\u201d"},"content":{"rendered":"<div>ROMA (ITALPRESS) &#8211; &#8220;Termina oggi l&#8217;attivit\u00e0 del Comitato tecnico scientifico&#8221;. Cos\u00ec, a margine dell&#8217;ultima riunione del Cts, il presidente del Consiglio superiore di sanit\u00e0 Franco Locatelli.<br \/>&#8220;Per ognuno di noi &#8211; aggiunge &#8211; \u00e8 stato un privilegio e un onore potere servire il nostro Paese, anche perch\u00e8 questo servizio \u00e8 stato inserito in un solco di fattiva collaborazione di dialogo tra scienza e politica. Ed \u00e8 stato un modello che rester\u00e0 patrimonio del Paese non dimenticandoci che tutte le istituzioni sanitarie continueranno a fornire la loro opera per supportare quella che \u00e8 la gestione di una pandemia non ancora terminata&#8221;.<br \/>(ITALPRESS).<\/div>\n<div id=\"div-gpt-ad-Messinaoggi.it-DSK-300x250-corpoart\" style=\"text-align:center;margin:0 auto;\"><\/div><\/p><div id=\"videoincontent\" style=\"clear:both\";><\/div>","protected":false},"excerpt":{"rendered":"<p>ROMA (ITALPRESS) &#8211; &#8220;Termina oggi l&#8217;attivit\u00e0 del Comitato tecnico scientifico&#8221;. Cos\u00ec, a margine dell&#8217;ultima riunione del Cts, il presidente del Consiglio superiore di sanit\u00e0 Franco Locatelli.&#8220;Per ognuno di noi &#8211; aggiunge &#8211; \u00e8 stato un privilegio e un onore potere servire il nostro Paese, anche perch\u00e8 questo servizio \u00e8 stato inserito in un solco di [&hellip;]<\/p>\n","protected":false},"author":18,"featured_media":102705,"comment_status":"closed","ping_status":"closed","sticky":false,"template":"","format":"standard","meta":{"ub_ctt_via":"","_mi_skip_tracking":false},"categories":[446],"tags":[783],"featured_image_src":"https:\/\/www.messinaoggi.it\/website\/wp-content\/uploads\/2022\/03\/20220330_2228.jpg","author_info":{"display_name":"Admin","author_link":"https:\/\/www.messinaoggi.it\/website\/author\/admin\/"},"digistream_id":0,"digistream":false,"_links":{"self":[{"href":"https:\/\/www.messinaoggi.it\/website\/wp-json\/wp\/v2\/posts\/102704"}],"collection":[{"href":"https:\/\/www.messinaoggi.it\/website\/wp-json\/wp\/v2\/posts"}],"about":[{"href":"https:\/\/www.messinaoggi.it\/website\/wp-json\/wp\/v2\/types\/post"}],"author":[{"embeddable":true,"href":"https:\/\/www.messinaoggi.it\/website\/wp-json\/wp\/v2\/users\/18"}],"replies":[{"embeddable":true,"href":"https:\/\/www.messinaoggi.it\/website\/wp-json\/wp\/v2\/comments?post=102704"}],"version-history":[{"count":0,"href":"https:\/\/www.messinaoggi.it\/website\/wp-json\/wp\/v2\/posts\/102704\/revisions"}],"wp:featuredmedia":[{"embeddable":true,"href":"https:\/\/www.messinaoggi.it\/website\/wp-json\/wp\/v2\/media\/102705"}],"wp:attachment":[{"href":"https:\/\/www.messinaoggi.it\/website\/wp-json\/wp\/v2\/media?parent=102704"}],"wp:term":[{"taxonomy":"category","embeddable":true,"href":"https:\/\/www.messinaoggi.it\/website\/wp-json\/wp\/v2\/categories?post=102704"},{"taxonomy":"post_tag","embeddable":true,"href":"https:\/\/www.messinaoggi.it\/website\/wp-json\/wp\/v2\/tags?post=102704"}],"curies":[{"name":"wp","href":"https:\/\/api.w.org\/{rel}","templated":true}]}}