{"id":102702,"date":"2022-03-30T21:07:32","date_gmt":"2022-03-30T19:07:32","guid":{"rendered":"https:\/\/www.messinaoggi.it\/website\/2022\/03\/30\/covid-brusaferro-siamo-ancora-in-pandemia\/"},"modified":"2022-03-30T21:07:32","modified_gmt":"2022-03-30T19:07:32","slug":"covid-brusaferro-siamo-ancora-in-pandemia","status":"publish","type":"post","link":"https:\/\/www.messinaoggi.it\/website\/2022\/03\/30\/covid-brusaferro-siamo-ancora-in-pandemia\/","title":{"rendered":"Covid, Brusaferro \u201cSiamo ancora in pandemia\u201d"},"content":{"rendered":"<div>ROMA (ITALPRESS) &#8211; &#8220;Il Cts \u00e8 stato importante in questi due anni di gestione di pandemia, perch\u00e8 ha permesso di raccogliere intorno ad un tavolo le domande pi\u00f9 importanti e le esperienze pi\u00f9 diverse&#8221;. A dirlo, a margine dell&#8217;ultima riunione del Cts il presidente dell&#8217;Istituto superiore di sanit\u00e0 Silvio Brusaferro.<br \/>&#8220;Oggi per\u00f2 &#8211; aggiunge &#8211; siamo ancora nella pandemia contro la quale dobbiamo continuare a rispondere. In questo senso la rete di sorveglianza che vede il Ministero, tutte le regioni, le Asl e tutti gli operatori, \u00e8 l&#8217;impegno che questo Paese continua a dare attraverso i suoi professionisti, i suoi organi centrali e periferici per rispondere a questa emergenza&#8221;. <br \/>(ITALPRESS).<\/div>\n<div id=\"div-gpt-ad-Messinaoggi.it-DSK-300x250-corpoart\" style=\"text-align:center;margin:0 auto;\"><\/div><\/p><div id=\"videoincontent\" style=\"clear:both\";><\/div>","protected":false},"excerpt":{"rendered":"<p>ROMA (ITALPRESS) &#8211; &#8220;Il Cts \u00e8 stato importante in questi due anni di gestione di pandemia, perch\u00e8 ha permesso di raccogliere intorno ad un tavolo le domande pi\u00f9 importanti e le esperienze pi\u00f9 diverse&#8221;. A dirlo, a margine dell&#8217;ultima riunione del Cts il presidente dell&#8217;Istituto superiore di sanit\u00e0 Silvio Brusaferro.&#8220;Oggi per\u00f2 &#8211; aggiunge &#8211; siamo [&hellip;]<\/p>\n","protected":false},"author":18,"featured_media":102703,"comment_status":"closed","ping_status":"closed","sticky":false,"template":"","format":"standard","meta":{"ub_ctt_via":"","_mi_skip_tracking":false},"categories":[446],"tags":[783],"featured_image_src":"https:\/\/www.messinaoggi.it\/website\/wp-content\/uploads\/2022\/03\/20220330_2198.jpg","author_info":{"display_name":"Admin","author_link":"https:\/\/www.messinaoggi.it\/website\/author\/admin\/"},"digistream_id":0,"digistream":false,"_links":{"self":[{"href":"https:\/\/www.messinaoggi.it\/website\/wp-json\/wp\/v2\/posts\/102702"}],"collection":[{"href":"https:\/\/www.messinaoggi.it\/website\/wp-json\/wp\/v2\/posts"}],"about":[{"href":"https:\/\/www.messinaoggi.it\/website\/wp-json\/wp\/v2\/types\/post"}],"author":[{"embeddable":true,"href":"https:\/\/www.messinaoggi.it\/website\/wp-json\/wp\/v2\/users\/18"}],"replies":[{"embeddable":true,"href":"https:\/\/www.messinaoggi.it\/website\/wp-json\/wp\/v2\/comments?post=102702"}],"version-history":[{"count":0,"href":"https:\/\/www.messinaoggi.it\/website\/wp-json\/wp\/v2\/posts\/102702\/revisions"}],"wp:featuredmedia":[{"embeddable":true,"href":"https:\/\/www.messinaoggi.it\/website\/wp-json\/wp\/v2\/media\/102703"}],"wp:attachment":[{"href":"https:\/\/www.messinaoggi.it\/website\/wp-json\/wp\/v2\/media?parent=102702"}],"wp:term":[{"taxonomy":"category","embeddable":true,"href":"https:\/\/www.messinaoggi.it\/website\/wp-json\/wp\/v2\/categories?post=102702"},{"taxonomy":"post_tag","embeddable":true,"href":"https:\/\/www.messinaoggi.it\/website\/wp-json\/wp\/v2\/tags?post=102702"}],"curies":[{"name":"wp","href":"https:\/\/api.w.org\/{rel}","templated":true}]}}