{"id":102676,"date":"2022-03-30T20:07:34","date_gmt":"2022-03-30T18:07:34","guid":{"rendered":"https:\/\/www.messinaoggi.it\/website\/2022\/03\/30\/covid-speranza-ruolo-cts-ha-segnato-rapporto-tra-politica-e-scienza\/"},"modified":"2022-03-30T20:07:34","modified_gmt":"2022-03-30T18:07:34","slug":"covid-speranza-ruolo-cts-ha-segnato-rapporto-tra-politica-e-scienza","status":"publish","type":"post","link":"https:\/\/www.messinaoggi.it\/website\/2022\/03\/30\/covid-speranza-ruolo-cts-ha-segnato-rapporto-tra-politica-e-scienza\/","title":{"rendered":"Covid, Speranza \u201cRuolo Cts ha segnato rapporto tra politica e scienza\u201d"},"content":{"rendered":"<div>ROMA (ITALPRESS) &#8211; &#8220;In questi anni il ruolo del Cts \u00e8 stato fondamentale, ha segnato un rapporto tra politica e scienza che dobbiamo sapere conservare per il futuro, perch\u00e8 si \u00e8 pi\u00f9 forti nelle decisioni che si assumono se esse sono basate sull&#8217;evidenza scientifica&#8221;. A dirlo il ministro della Salute Roberto Speranza a margine dell&#8217;ultima riunione del Cts.<br \/>&#8220;Io credo &#8211; aggiunge &#8211; che questa sia la linea sulla quale il governo deve continuare ad impegnarsi&#8221;.<br \/>(ITALPRESS).<\/div>\n<div id=\"div-gpt-ad-Messinaoggi.it-DSK-300x250-corpoart\" style=\"text-align:center;margin:0 auto;\"><\/div><\/p><div id=\"videoincontent\" style=\"clear:both\";><\/div>","protected":false},"excerpt":{"rendered":"<p>ROMA (ITALPRESS) &#8211; &#8220;In questi anni il ruolo del Cts \u00e8 stato fondamentale, ha segnato un rapporto tra politica e scienza che dobbiamo sapere conservare per il futuro, perch\u00e8 si \u00e8 pi\u00f9 forti nelle decisioni che si assumono se esse sono basate sull&#8217;evidenza scientifica&#8221;. A dirlo il ministro della Salute Roberto Speranza a margine dell&#8217;ultima [&hellip;]<\/p>\n","protected":false},"author":18,"featured_media":102677,"comment_status":"closed","ping_status":"closed","sticky":false,"template":"","format":"standard","meta":{"ub_ctt_via":"","_mi_skip_tracking":false},"categories":[446],"tags":[783],"featured_image_src":"https:\/\/www.messinaoggi.it\/website\/wp-content\/uploads\/2022\/03\/20220330_2178.jpg","author_info":{"display_name":"Admin","author_link":"https:\/\/www.messinaoggi.it\/website\/author\/admin\/"},"digistream_id":0,"digistream":false,"_links":{"self":[{"href":"https:\/\/www.messinaoggi.it\/website\/wp-json\/wp\/v2\/posts\/102676"}],"collection":[{"href":"https:\/\/www.messinaoggi.it\/website\/wp-json\/wp\/v2\/posts"}],"about":[{"href":"https:\/\/www.messinaoggi.it\/website\/wp-json\/wp\/v2\/types\/post"}],"author":[{"embeddable":true,"href":"https:\/\/www.messinaoggi.it\/website\/wp-json\/wp\/v2\/users\/18"}],"replies":[{"embeddable":true,"href":"https:\/\/www.messinaoggi.it\/website\/wp-json\/wp\/v2\/comments?post=102676"}],"version-history":[{"count":0,"href":"https:\/\/www.messinaoggi.it\/website\/wp-json\/wp\/v2\/posts\/102676\/revisions"}],"wp:featuredmedia":[{"embeddable":true,"href":"https:\/\/www.messinaoggi.it\/website\/wp-json\/wp\/v2\/media\/102677"}],"wp:attachment":[{"href":"https:\/\/www.messinaoggi.it\/website\/wp-json\/wp\/v2\/media?parent=102676"}],"wp:term":[{"taxonomy":"category","embeddable":true,"href":"https:\/\/www.messinaoggi.it\/website\/wp-json\/wp\/v2\/categories?post=102676"},{"taxonomy":"post_tag","embeddable":true,"href":"https:\/\/www.messinaoggi.it\/website\/wp-json\/wp\/v2\/tags?post=102676"}],"curies":[{"name":"wp","href":"https:\/\/api.w.org\/{rel}","templated":true}]}}