{"id":102674,"date":"2022-03-30T20:07:32","date_gmt":"2022-03-30T18:07:32","guid":{"rendered":"https:\/\/www.messinaoggi.it\/website\/2022\/03\/30\/mattarella-i-magistrati-rifiutino-il-protagonismo\/"},"modified":"2022-03-30T20:07:32","modified_gmt":"2022-03-30T18:07:32","slug":"mattarella-i-magistrati-rifiutino-il-protagonismo","status":"publish","type":"post","link":"https:\/\/www.messinaoggi.it\/website\/2022\/03\/30\/mattarella-i-magistrati-rifiutino-il-protagonismo\/","title":{"rendered":"Mattarella \u201cI magistrati rifiutino il protagonismo\u201d"},"content":{"rendered":"<div>ROMA (ITALPRESS) &#8211; &#8220;Le funzioni che vi apprestate a svolgere sono caratterizzate da grande responsabilit\u00e0 sociale, che impone il serio rispetto della deontologia professionale e la sobriet\u00e0 nelle condotte individuali&#8221;. Lo ha detto il presidente della Repubblica Sergio Mattarella, incontrando al Quirinale i magistrati ordinari in tirocinio nominati con decreto ministeriale del 2 marzo 2021.<br \/>&#8220;A voi \u00e8 chiesto di amministrare la giustizia con professionalit\u00e0 e con riserbo, avendo sempre presente il principale dovere che deve assumere il magistrato: l&#8217;eticit\u00e0 dei suoi comportamenti, anche nelle diverse forme di comunicazione &#8211; ha aggiunto -. Il principio di imparzialit\u00e0 transita necessariamente anche attraverso il rifiuto del protagonismo e dell&#8217;individualismo giudiziario. L&#8217;imparzialit\u00e0 viene, infatti, rafforzata dalla riservatezza nei riguardi dei processi o delle materie di cui ci si occupa; diversamente si pu\u00f2 correre il rischio di apparire di parte o pregiudizialmente orientati, forzando i dati della realt\u00e0&#8221;.<br \/>&#8220;Al contempo, \u00e8 opportuna la trasparenza della decisione da assicurare attraverso un&#8217;adeguata comunicazione istituzionale, idonea a tutelare il prestigio della funzione, che viene ulteriormente garantita e rafforzata dal riserbo dei magistrati &#8211; ha sottolineato il capo dello Stato -. Centrale in questa prospettiva \u00e8 il ruolo del Consiglio Superiore della Magistratura, che costituisce il presidio voluto dalla Costituzione a garanzia dell&#8217;indipendenza e dell&#8217;autonomia dell&#8217;Ordine giudiziario, non per favorire la condizione dei magistrati bens\u00ec per garantire che la giurisdizione non subisca alcun tipo di condizionamento e che venga esercitata con efficienza, in puntuale e rigorosa applicazione della legge&#8221;.<br \/>&#8220;Il Consiglio Superiore della Magistratura riveste un ruolo di garanzia imprescindibile nell&#8217;ambito dell&#8217;equilibrio democratico. Pertanto \u00e8 necessario, e di grande urgenza, approvare nuove regole per il suo funzionamento, affinch\u00e8 la sua attivit\u00e0 possa pienamente mirare a valorizzare le indiscusse professionalit\u00e0 di cui la Magistratura \u00e8 ampiamente fornita&#8221;, ha proseguito Mattarella. <br \/>(ITALPRESS).<\/div>\n<div id=\"div-gpt-ad-Messinaoggi.it-DSK-300x250-corpoart\" style=\"text-align:center;margin:0 auto;\"><\/div><\/p><div id=\"videoincontent\" style=\"clear:both\";><\/div>","protected":false},"excerpt":{"rendered":"<p>ROMA (ITALPRESS) &#8211; &#8220;Le funzioni che vi apprestate a svolgere sono caratterizzate da grande responsabilit\u00e0 sociale, che impone il serio rispetto della deontologia professionale e la sobriet\u00e0 nelle condotte individuali&#8221;. Lo ha detto il presidente della Repubblica Sergio Mattarella, incontrando al Quirinale i magistrati ordinari in tirocinio nominati con decreto ministeriale del 2 marzo 2021.&#8220;A [&hellip;]<\/p>\n","protected":false},"author":18,"featured_media":102675,"comment_status":"closed","ping_status":"closed","sticky":false,"template":"","format":"standard","meta":{"ub_ctt_via":"","_mi_skip_tracking":false},"categories":[446],"tags":[783],"featured_image_src":"https:\/\/www.messinaoggi.it\/website\/wp-content\/uploads\/2022\/03\/20220330_2159.jpg","author_info":{"display_name":"Admin","author_link":"https:\/\/www.messinaoggi.it\/website\/author\/admin\/"},"digistream_id":0,"digistream":false,"_links":{"self":[{"href":"https:\/\/www.messinaoggi.it\/website\/wp-json\/wp\/v2\/posts\/102674"}],"collection":[{"href":"https:\/\/www.messinaoggi.it\/website\/wp-json\/wp\/v2\/posts"}],"about":[{"href":"https:\/\/www.messinaoggi.it\/website\/wp-json\/wp\/v2\/types\/post"}],"author":[{"embeddable":true,"href":"https:\/\/www.messinaoggi.it\/website\/wp-json\/wp\/v2\/users\/18"}],"replies":[{"embeddable":true,"href":"https:\/\/www.messinaoggi.it\/website\/wp-json\/wp\/v2\/comments?post=102674"}],"version-history":[{"count":0,"href":"https:\/\/www.messinaoggi.it\/website\/wp-json\/wp\/v2\/posts\/102674\/revisions"}],"wp:featuredmedia":[{"embeddable":true,"href":"https:\/\/www.messinaoggi.it\/website\/wp-json\/wp\/v2\/media\/102675"}],"wp:attachment":[{"href":"https:\/\/www.messinaoggi.it\/website\/wp-json\/wp\/v2\/media?parent=102674"}],"wp:term":[{"taxonomy":"category","embeddable":true,"href":"https:\/\/www.messinaoggi.it\/website\/wp-json\/wp\/v2\/categories?post=102674"},{"taxonomy":"post_tag","embeddable":true,"href":"https:\/\/www.messinaoggi.it\/website\/wp-json\/wp\/v2\/tags?post=102674"}],"curies":[{"name":"wp","href":"https:\/\/api.w.org\/{rel}","templated":true}]}}